{"id":23824,"date":"2022-11-10T10:57:00","date_gmt":"2022-11-10T08:57:00","guid":{"rendered":"https:\/\/bisbalpenedes.com\/web\/?p=23824"},"modified":"2022-11-10T10:57:00","modified_gmt":"2022-11-10T08:57:00","slug":"la-bisbal-del-penedes-tindra-un-monument-dedicat-als-donants-de-sang-el-2023","status":"publish","type":"post","link":"https:\/\/bisbalpenedes.com\/web\/2022\/11\/10\/la-bisbal-del-penedes-tindra-un-monument-dedicat-als-donants-de-sang-el-2023\/","title":{"rendered":"La Bisbal del Pened\u00e8s tindr\u00e0 un monument dedicat als donants de sang el 2023"},"content":{"rendered":"\n<p>Aquest dimecres 9 de novembre, l&#8217;alcaldessa de la Bisbal del Pened\u00e8s, Agn\u00e8s Ferr\u00e9, i el regidor de Sanitat i delegat de l&#8217;Associaci\u00f3 de Donants de Sang a la Bisbal del Pened\u00e8s, Feliu Gil, s&#8217;han reunit amb el president de l&#8217;Associaci\u00f3 de Donants de Sang del Baix Pened\u00e8s, Pep Bargall\u00f3, i el secretari de l&#8217;associaci\u00f3, Salvador Rovira.<\/p>\n\n\n\n<p>Des de l&#8217;Associaci\u00f3 de Donants de Sang del Baix Pened\u00e8s han proposat construir un monument als donants de sang de la Bisbal del Pened\u00e8s, com a reconeixement social al seu gest altruista i solidari en benefici de tota la poblaci\u00f3. Els membres de l&#8217;equip de govern, per la seva part, ha acceptat dur a terme aquest projecte i fer-se c\u00e0rrec de les despeses per fer-lo possible. Aix\u00ed mateix, han expressat la seva voluntat perqu\u00e8 es faci i s&#8217;instal\u00b7li durant l&#8217;any 2023.<\/p>\n\n\n\n<p>L&#8217;Associaci\u00f3 de Donants de Sang del Baix Pened\u00e8s \u00e9s una entitat que es va fundar el 2001 amb l&#8217;objectiu de divulgar, fomentar i orientar per conscienciar sobre la import\u00e0ncia i la responsabilitat de donar sang i plasma de forma altruista.<\/p>\n\n\n\n<hr class=\"wp-block-separator has-alpha-channel-opacity\"\/>\n\n\n\n<p><strong>CASTELLANO |<\/strong> Este mi\u00e9rcoles 9 de noviembre, la alcaldesa de la Bisbal del Pened\u00e8s, Agn\u00e8s Ferr\u00e9, y el concejal de Sanidad y delegado de la Associaci\u00f3 de Donants de Sang en la Bisbal del Pened\u00e8s, Feliu Gil, se han reunido con el presidente de la Associaci\u00f3 de Donants de Sang del Baix Pened\u00e8s, Pep Bargall\u00f3, y el secretario de la asociaci\u00f3n, Salvador Rovira.<\/p>\n\n\n\n<p>Desde la Associaci\u00f3 de Donants de Sang del Baix Pened\u00e8s han propuesto construir un monumento a los donantes de sangre en la Bisbal del Pened\u00e8s, como reconocimiento social a su gesto altruista y solidario en beneficio de toda la poblaci\u00f3n. Los miembros del equipo de gobierno, por su parte, han aceptado llevar a cabo este proyecto y hacerse cargo de los gastos para hacerlo posible. As\u00ed mismo, han expresado su voluntad para que se haga y se instale durante el a\u00f1o 2023.<\/p>\n\n\n\n<p>La Associaci\u00f3 de Donants de Sang del Baix Pened\u00e8s es una entidad que se fund\u00f3 en el 2021 con el objetivo de divulgar, fomentar y orientar para concienciar sobre la importancia y la responsabilidad de donar sangre y plasma de forma altruista.<\/p>\n","protected":false},"excerpt":{"rendered":"<p>Aquest dimecres 9 de novembre, l&#8217;alcaldessa de la Bisbal del Pened\u00e8s, Agn\u00e8s Ferr\u00e9, i el regidor de Sanitat i delegat de l&#8217;Associaci\u00f3 de Donants de Sang a la Bisbal del &hellip; <a href=\"https:\/\/bisbalpenedes.com\/web\/2022\/11\/10\/la-bisbal-del-penedes-tindra-un-monument-dedicat-als-donants-de-sang-el-2023\/\" class=\"more-link\">Read More<\/a><\/p>\n","protected":false},"author":4,"featured_media":23825,"comment_status":"closed","ping_status":"closed","sticky":false,"template":"","format":"standard","meta":[],"categories":[8,14],"tags":[5597,2106,393,5598,29],"_links":{"self":[{"href":"https:\/\/bisbalpenedes.com\/web\/wp-json\/wp\/v2\/posts\/23824"}],"collection":[{"href":"https:\/\/bisbalpenedes.com\/web\/wp-json\/wp\/v2\/posts"}],"about":[{"href":"https:\/\/bisbalpenedes.com\/web\/wp-json\/wp\/v2\/types\/post"}],"author":[{"embeddable":true,"href":"https:\/\/bisbalpenedes.com\/web\/wp-json\/wp\/v2\/users\/4"}],"replies":[{"embeddable":true,"href":"https:\/\/bisbalpenedes.com\/web\/wp-json\/wp\/v2\/comments?post=23824"}],"version-history":[{"count":1,"href":"https:\/\/bisbalpenedes.com\/web\/wp-json\/wp\/v2\/posts\/23824\/revisions"}],"predecessor-version":[{"id":23826,"href":"https:\/\/bisbalpenedes.com\/web\/wp-json\/wp\/v2\/posts\/23824\/revisions\/23826"}],"wp:featuredmedia":[{"embeddable":true,"href":"https:\/\/bisbalpenedes.com\/web\/wp-json\/wp\/v2\/media\/23825"}],"wp:attachment":[{"href":"https:\/\/bisbalpenedes.com\/web\/wp-json\/wp\/v2\/media?parent=23824"}],"wp:term":[{"taxonomy":"category","embeddable":true,"href":"https:\/\/bisbalpenedes.com\/web\/wp-json\/wp\/v2\/categories?post=23824"},{"taxonomy":"post_tag","embeddable":true,"href":"https:\/\/bisbalpenedes.com\/web\/wp-json\/wp\/v2\/tags?post=23824"}],"curies":[{"name":"wp","href":"https:\/\/api.w.org\/{rel}","templated":true}]}}