{"id":23812,"date":"2022-11-09T12:19:28","date_gmt":"2022-11-09T10:19:28","guid":{"rendered":"https:\/\/bisbalpenedes.com\/web\/?p=23812"},"modified":"2022-11-09T12:19:28","modified_gmt":"2022-11-09T10:19:28","slug":"lajuntament-de-la-bisbal-del-penedes-sadhereix-al-conveni-per-a-la-creacio-de-loficina-comarcal-dimpuls-a-la-transicio-energetica-del-baix-penedes","status":"publish","type":"post","link":"https:\/\/bisbalpenedes.com\/web\/2022\/11\/09\/lajuntament-de-la-bisbal-del-penedes-sadhereix-al-conveni-per-a-la-creacio-de-loficina-comarcal-dimpuls-a-la-transicio-energetica-del-baix-penedes\/","title":{"rendered":"L&#8217;Ajuntament de la Bisbal del Pened\u00e8s s&#8217;adhereix al conveni per a la creaci\u00f3 de l&#8217;Oficina Comarcal d&#8217;Impuls a la Transici\u00f3 Energ\u00e8tica del Baix Pened\u00e8s"},"content":{"rendered":"\n<p>L&#8217;Ajuntament de la Bisbal del Pened\u00e8s ha aprovat el conveni interadministratiu amb el Consell Comarcal del Baix Pened\u00e8s per a la creaci\u00f3 de l&#8217;Oficina Comarcal d&#8217;Impuls a la Transici\u00f3 Energ\u00e8tica del Baix Pened\u00e8s (OCITEBP) amb l&#8217;objectiu de prioritzar el proc\u00e9s de descarbonitzaci\u00f3 en qu\u00e8 ens trobem actualment, amb el canvi de paradigma energ\u00e8tic europeu. L&#8217;OCITEBP facilitar\u00e0 suport t\u00e8cnic als ajuntaments de la comarca en mat\u00e8ria de sanejament, oficina t\u00e8cnica ambiental comarcal (OTAC), qualitat de vida animal, prevenci\u00f3 d&#8217;incendis i gesti\u00f3 de residus.<\/p>\n\n\n\n<p>Aquesta oficina es finan\u00e7a amb una subvenci\u00f3 de 90.000\u20ac de l&#8217;Institut Catal\u00e0 d&#8217;Energia (ICAEN) -equivalent al 88,16% del pressupost del projecte- i les aportacions dels ajuntaments participants, que s\u00f3n els d&#8217;Albinyana, l&#8217;Arbo\u00e7, Lloren\u00e7 del Pened\u00e8s, Bellvei, Cunit, Sant Jaume dels Domenys, Maslloren\u00e7, Santa Oliva i la Bisbal del Pened\u00e8s. En el cas del nostre municipi, l&#8217;aportaci\u00f3 econ\u00f2mica per a dos anualitats \u00e9s de 1.342,84\u20ac.<\/p>\n\n\n\n<p>La regidora de Medi Ambient i Protecci\u00f3 Animal, Leo Uceda; i l&#8217;enginyer municipal ja han mantingut les primeres reunions amb les persones responsables de la gesti\u00f3 d&#8217;aquesta nova oficina amb l&#8217;objectiu d&#8217;iniciar les col\u00b7laboracions.<\/p>\n\n\n\n<hr class=\"wp-block-separator has-alpha-channel-opacity\"\/>\n\n\n\n<p><strong>CASTELLANO |<\/strong> El Ayuntamiento de la Bisbal del Pened\u00e8s ha aprobado el convenio interadministrativo con el Consell Comarcal del Baix Pened\u00e8s para la creaci\u00f3n de la Oficina Comarcal de Impulso a la Transici\u00f3n Energ\u00e9tica del Baix Pened\u00e8s (OCITEBP) con el objetivo de priorizar el proceso de descarbonizaci\u00f3n en el que nos encontramos actualmente, con el cambio de paradigma energ\u00e9tico europeo. La OCITEBP facilitar\u00e1 apoyo t\u00e9cnico a los ayuntamientos de la comarca en materia de saneamiento, oficina t\u00e9cnica ambiental comarcal (OTAC), calidad de vida animal, prevenci\u00f3n de incendios y gesti\u00f3n de residuos.<\/p>\n\n\n\n<p>Esta oficina se financia con una subvenci\u00f3n de 90.000\u20ac del Institut Catal\u00e0 d&#8217;Energia (ICAEN) -equivalente al 88,16% del presupuesto del proyecto- y las aportaciones de los ayuntamientos participantes, que son los de Albinyana, l&#8217;Arbo\u00e7, Lloren\u00e7 del Pened\u00e8s, Bellvei, Cunit, Sant Jaume dels Domenys, Maslloren\u00e7, Santa Oliva y la Bisbal del Pened\u00e8s. En el caso de nuestro municipio, la aportaci\u00f3n econ\u00f3mica para dos anualidades es de 1.342,84\u20ac.<\/p>\n\n\n\n<p>La concejala de Medio Ambiente y Protecci\u00f3n Animal, Leo Uceda; y el ingeniero municipal ya han mantenido las primeras reuniones con las personas responsables de la gesti\u00f3n de esta nueva oficina con el objetivo de iniciar las colaboraciones.<\/p>\n","protected":false},"excerpt":{"rendered":"<p>L&#8217;Ajuntament de la Bisbal del Pened\u00e8s ha aprovat el conveni interadministratiu amb el Consell Comarcal del Baix Pened\u00e8s per a la creaci\u00f3 de l&#8217;Oficina Comarcal d&#8217;Impuls a la Transici\u00f3 Energ\u00e8tica &hellip; <a href=\"https:\/\/bisbalpenedes.com\/web\/2022\/11\/09\/lajuntament-de-la-bisbal-del-penedes-sadhereix-al-conveni-per-a-la-creacio-de-loficina-comarcal-dimpuls-a-la-transicio-energetica-del-baix-penedes\/\" class=\"more-link\">Read More<\/a><\/p>\n","protected":false},"author":4,"featured_media":23813,"comment_status":"closed","ping_status":"closed","sticky":false,"template":"","format":"standard","meta":[],"categories":[2983,3085,32,8],"tags":[459,120,1479,393,5594,5595],"_links":{"self":[{"href":"https:\/\/bisbalpenedes.com\/web\/wp-json\/wp\/v2\/posts\/23812"}],"collection":[{"href":"https:\/\/bisbalpenedes.com\/web\/wp-json\/wp\/v2\/posts"}],"about":[{"href":"https:\/\/bisbalpenedes.com\/web\/wp-json\/wp\/v2\/types\/post"}],"author":[{"embeddable":true,"href":"https:\/\/bisbalpenedes.com\/web\/wp-json\/wp\/v2\/users\/4"}],"replies":[{"embeddable":true,"href":"https:\/\/bisbalpenedes.com\/web\/wp-json\/wp\/v2\/comments?post=23812"}],"version-history":[{"count":1,"href":"https:\/\/bisbalpenedes.com\/web\/wp-json\/wp\/v2\/posts\/23812\/revisions"}],"predecessor-version":[{"id":23814,"href":"https:\/\/bisbalpenedes.com\/web\/wp-json\/wp\/v2\/posts\/23812\/revisions\/23814"}],"wp:featuredmedia":[{"embeddable":true,"href":"https:\/\/bisbalpenedes.com\/web\/wp-json\/wp\/v2\/media\/23813"}],"wp:attachment":[{"href":"https:\/\/bisbalpenedes.com\/web\/wp-json\/wp\/v2\/media?parent=23812"}],"wp:term":[{"taxonomy":"category","embeddable":true,"href":"https:\/\/bisbalpenedes.com\/web\/wp-json\/wp\/v2\/categories?post=23812"},{"taxonomy":"post_tag","embeddable":true,"href":"https:\/\/bisbalpenedes.com\/web\/wp-json\/wp\/v2\/tags?post=23812"}],"curies":[{"name":"wp","href":"https:\/\/api.w.org\/{rel}","templated":true}]}}