{"id":23807,"date":"2022-11-09T11:51:42","date_gmt":"2022-11-09T09:51:42","guid":{"rendered":"https:\/\/bisbalpenedes.com\/web\/?p=23807"},"modified":"2022-11-09T11:53:48","modified_gmt":"2022-11-09T09:53:48","slug":"lajuntament-de-la-bisbal-del-penedes-sha-adherit-al-pla-agrupat-de-formacio-continua-de-lacm-i-la-diputacio-per-als-empleats-publics-%ef%bf%bc","status":"publish","type":"post","link":"https:\/\/bisbalpenedes.com\/web\/2022\/11\/09\/lajuntament-de-la-bisbal-del-penedes-sha-adherit-al-pla-agrupat-de-formacio-continua-de-lacm-i-la-diputacio-per-als-empleats-publics-%ef%bf%bc\/","title":{"rendered":"L&#8217;Ajuntament de la Bisbal del Pened\u00e8s s&#8217;ha adherit al Pla Agrupat de Formaci\u00f3 cont\u00ednua de l&#8217;ACM i la Diputaci\u00f3 per als empleats p\u00fablics \ufffc"},"content":{"rendered":"\n<p>L&#8217;Ajuntament de la Bisbal del Pened\u00e8s s&#8217;ha adherit al Pla Agrupat de Formaci\u00f3 de 2023 promogut per l&#8217;Associaci\u00f3 Catalana de Municipis (ACM) i les diputacions de Tarragona, Girona i Lleida, dins del marc de l&#8217;Acord de Formaci\u00f3 del Treball de les Administracions P\u00fabliques (AFEDAP).<\/p>\n\n\n\n<p>L&#8217;alcaldessa de la Bisbal del Pened\u00e8s, Agn\u00e8s Ferr\u00e9, ha explicat que <em>&#8220;cada any ens hi adherim, ja que permet que els treballadors de l&#8217;Ajuntament de la Bisbal del Pened\u00e8s puguin accedir a formacions adequades als seus llocs de treball i, d&#8217;aquesta manera, prestar un millor servei a l&#8217;Ajuntament, oferir una millor atenci\u00f3 a la ciutadania i con\u00e8ixer les actualitzacions del sector p\u00fablic local de primera m\u00e0&#8221;.<\/em><\/p>\n\n\n\n<hr class=\"wp-block-separator has-alpha-channel-opacity\"\/>\n\n\n\n<p><strong>CASTELLANO |<\/strong> El Ayuntamiento de la Bisbal del Pened\u00e8s se ha adherido al Plan Agrupado de Formaci\u00f3n de 2023 promovido por la Associaci\u00f3 Catalana de Municipis (ACM) y las diputaciones de Tarragona, Girona y Lleida, en el marco del Acuerdo de Formaci\u00f3n de Trabajo de las Administraciones P\u00fablicas (AFEDAP).<\/p>\n\n\n\n<p>La alcaldesa de la Bisbal del Pened\u00e8s, Agn\u00e8s Ferr\u00e9, ha explicado que <em>&#8220;cada a\u00f1o nos adherimos, ya que permite que los trabajadores del Ayuntamiento de la Bisbal del Pened\u00e8s puedan acceder a formaciones adecuadas a sus puestos de trabajo y, de esta manera, prestar un mejor servicio en el Ayuntamiento, ofrecer una mejor atenci\u00f3n a la ciudadan\u00eda y conocer las actualizaciones del sector p\u00fablico local de primera mano&#8221;.<\/em><\/p>\n","protected":false},"excerpt":{"rendered":"<p>L&#8217;Ajuntament de la Bisbal del Pened\u00e8s s&#8217;ha adherit al Pla Agrupat de Formaci\u00f3 de 2023 promogut per l&#8217;Associaci\u00f3 Catalana de Municipis (ACM) i les diputacions de Tarragona, Girona i Lleida, &hellip; <a href=\"https:\/\/bisbalpenedes.com\/web\/2022\/11\/09\/lajuntament-de-la-bisbal-del-penedes-sha-adherit-al-pla-agrupat-de-formacio-continua-de-lacm-i-la-diputacio-per-als-empleats-publics-%ef%bf%bc\/\" class=\"more-link\">Read More<\/a><\/p>\n","protected":false},"author":4,"featured_media":23810,"comment_status":"closed","ping_status":"closed","sticky":false,"template":"","format":"standard","meta":[],"categories":[2402,2057,8],"tags":[5592,12,5593],"_links":{"self":[{"href":"https:\/\/bisbalpenedes.com\/web\/wp-json\/wp\/v2\/posts\/23807"}],"collection":[{"href":"https:\/\/bisbalpenedes.com\/web\/wp-json\/wp\/v2\/posts"}],"about":[{"href":"https:\/\/bisbalpenedes.com\/web\/wp-json\/wp\/v2\/types\/post"}],"author":[{"embeddable":true,"href":"https:\/\/bisbalpenedes.com\/web\/wp-json\/wp\/v2\/users\/4"}],"replies":[{"embeddable":true,"href":"https:\/\/bisbalpenedes.com\/web\/wp-json\/wp\/v2\/comments?post=23807"}],"version-history":[{"count":1,"href":"https:\/\/bisbalpenedes.com\/web\/wp-json\/wp\/v2\/posts\/23807\/revisions"}],"predecessor-version":[{"id":23809,"href":"https:\/\/bisbalpenedes.com\/web\/wp-json\/wp\/v2\/posts\/23807\/revisions\/23809"}],"wp:featuredmedia":[{"embeddable":true,"href":"https:\/\/bisbalpenedes.com\/web\/wp-json\/wp\/v2\/media\/23810"}],"wp:attachment":[{"href":"https:\/\/bisbalpenedes.com\/web\/wp-json\/wp\/v2\/media?parent=23807"}],"wp:term":[{"taxonomy":"category","embeddable":true,"href":"https:\/\/bisbalpenedes.com\/web\/wp-json\/wp\/v2\/categories?post=23807"},{"taxonomy":"post_tag","embeddable":true,"href":"https:\/\/bisbalpenedes.com\/web\/wp-json\/wp\/v2\/tags?post=23807"}],"curies":[{"name":"wp","href":"https:\/\/api.w.org\/{rel}","templated":true}]}}