{"id":23802,"date":"2022-11-08T22:28:28","date_gmt":"2022-11-08T20:28:28","guid":{"rendered":"https:\/\/bisbalpenedes.com\/web\/?p=23802"},"modified":"2022-11-08T22:30:56","modified_gmt":"2022-11-08T20:30:56","slug":"properament-comencara-el-termini-de-les-convocatories-de-subvencions-escolars-del-curs-2021-22","status":"publish","type":"post","link":"https:\/\/bisbalpenedes.com\/web\/2022\/11\/08\/properament-comencara-el-termini-de-les-convocatories-de-subvencions-escolars-del-curs-2021-22\/","title":{"rendered":"Properament comen\u00e7ar\u00e0 el termini de les convocat\u00f2ries de subvencions escolars del curs 2021-22"},"content":{"rendered":"\n<p>La Regidora d&#8217;Ensenyament us informa que properament comen\u00e7ar\u00e0 el termini per presentar la documentaci\u00f3 per sol\u00b7licitar els ajuts per al menjador i el transport escolar de l&#8217;Escola Ull de Vent i per als llibres de l&#8217;institut del curs 2021\/22 (el curs passat)<\/p>\n\n\n\n<p>L&#8217;octubre de 2022 van quedar aprovades definitivament les bases de les subvencions d&#8217;ensenyament i, la Junta de govern del passat 7 de novembre va aprovar les convocat\u00f2ries de subvencions. El termini per a presentar sol\u00b7licituds comen\u00e7ar\u00e0 quan les convocat\u00f2ries surtin publicades al BOPT (us n&#8217;informarem a trav\u00e9s dels canals de comunicaci\u00f3 habituals). No obstant aix\u00f2, us avancem aquesta informaci\u00f3 perqu\u00e8 la tingueu en compte:<\/p>\n\n\n\n<ul><li>Per a la convocat\u00f2ria de llibres de l&#8217;institut, caldr\u00e0 que adjunteu la factura i el comprovant de pagament (transfer\u00e8ncia banc\u00e0ria, c\u00e0rrec a la targeta de cr\u00e8dit&#8230;).<\/li><li>Per a la convocat\u00f2ria de transport escolar, caldr\u00e0 que adjunteu la factura i el comprovant de pagament (transfer\u00e8ncia banc\u00e0ria, c\u00e0rrec al compte corrent&#8230;).<\/li><li>Per a la convocat\u00f2ria de menjador escolar, caldr\u00e0 que adjunteu la factura i el comprovant de pagament (transfer\u00e8ncia banc\u00e0ria, c\u00e0rrec al compte corrent&#8230;).<\/li><\/ul>\n\n\n\n<hr class=\"wp-block-separator has-alpha-channel-opacity\"\/>\n\n\n\n<p><strong>CASTELLANO |<\/strong>&nbsp;La Concejal\u00eda de Educaci\u00f3n os informa de que pr\u00f3ximamente empezar\u00e1 el plazo para presentar la documentaci\u00f3n para solicitar las ayudas para el comedor y el transporte escolar de la Escola Ull de Vent y para los libros del instituto del curso 2021\/22 (el curso pasado)<\/p>\n\n\n\n<p>En octubre de 2022 quedaron aprobadas definitivamente las bases de las subvenciones de educaci\u00f3n y, la Junta de gobierno del pasado 7 de noviembre aprob\u00f3 las convocatorias de subvenciones. El plazo para presentar solicitudes empezar\u00e1 cuando las convocatorias salgan publicadas en el BOPT (os informaremos a trav\u00e9s de los canales de comunicaci\u00f3n habituales). No obstante, os adelantamos esta informaci\u00f3n para que la teng\u00e1is en cuenta:<\/p>\n\n\n\n<ul><li>Para la convocatoria de libros del instituto, ser\u00e1 necesario que adjunt\u00e9is la factura y el comprobante de pago (transferencia bancaria, cargo en la tarjeta de cr\u00e9dito&#8230;).<\/li><li>Para la convocatoria de transporte escolar, ser\u00e1 necesario que adjunt\u00e9is la factura y el comprobante de pago (transferencia bancaria, cargo en la cuenta corriente&#8230;).<\/li><li>Para la convocatoria de comedor escolar, ser\u00e1 necesario que adjunt\u00e9is la factura y el comprobante de pago (transferencia bancaria, cargo en la cuenta corriente&#8230;).<\/li><\/ul>\n","protected":false},"excerpt":{"rendered":"<p>La Regidora d&#8217;Ensenyament us informa que properament comen\u00e7ar\u00e0 el termini per presentar la documentaci\u00f3 per sol\u00b7licitar els ajuts per al menjador i el transport escolar de l&#8217;Escola Ull de Vent &hellip; <a href=\"https:\/\/bisbalpenedes.com\/web\/2022\/11\/08\/properament-comencara-el-termini-de-les-convocatories-de-subvencions-escolars-del-curs-2021-22\/\" class=\"more-link\">Read More<\/a><\/p>\n","protected":false},"author":4,"featured_media":23805,"comment_status":"closed","ping_status":"closed","sticky":false,"template":"","format":"standard","meta":[],"categories":[3456,8],"tags":[862,5591,336,102,356],"_links":{"self":[{"href":"https:\/\/bisbalpenedes.com\/web\/wp-json\/wp\/v2\/posts\/23802"}],"collection":[{"href":"https:\/\/bisbalpenedes.com\/web\/wp-json\/wp\/v2\/posts"}],"about":[{"href":"https:\/\/bisbalpenedes.com\/web\/wp-json\/wp\/v2\/types\/post"}],"author":[{"embeddable":true,"href":"https:\/\/bisbalpenedes.com\/web\/wp-json\/wp\/v2\/users\/4"}],"replies":[{"embeddable":true,"href":"https:\/\/bisbalpenedes.com\/web\/wp-json\/wp\/v2\/comments?post=23802"}],"version-history":[{"count":1,"href":"https:\/\/bisbalpenedes.com\/web\/wp-json\/wp\/v2\/posts\/23802\/revisions"}],"predecessor-version":[{"id":23804,"href":"https:\/\/bisbalpenedes.com\/web\/wp-json\/wp\/v2\/posts\/23802\/revisions\/23804"}],"wp:featuredmedia":[{"embeddable":true,"href":"https:\/\/bisbalpenedes.com\/web\/wp-json\/wp\/v2\/media\/23805"}],"wp:attachment":[{"href":"https:\/\/bisbalpenedes.com\/web\/wp-json\/wp\/v2\/media?parent=23802"}],"wp:term":[{"taxonomy":"category","embeddable":true,"href":"https:\/\/bisbalpenedes.com\/web\/wp-json\/wp\/v2\/categories?post=23802"},{"taxonomy":"post_tag","embeddable":true,"href":"https:\/\/bisbalpenedes.com\/web\/wp-json\/wp\/v2\/tags?post=23802"}],"curies":[{"name":"wp","href":"https:\/\/api.w.org\/{rel}","templated":true}]}}