{"id":23793,"date":"2022-11-08T13:24:42","date_gmt":"2022-11-08T11:24:42","guid":{"rendered":"https:\/\/bisbalpenedes.com\/web\/?p=23793"},"modified":"2022-11-08T13:24:42","modified_gmt":"2022-11-08T11:24:42","slug":"el-proper-diumenge-27-de-novembre-a-les-19h-el-centre-municipal-de-cultura-acollira-la-projeccio-dalcarras","status":"publish","type":"post","link":"https:\/\/bisbalpenedes.com\/web\/2022\/11\/08\/el-proper-diumenge-27-de-novembre-a-les-19h-el-centre-municipal-de-cultura-acollira-la-projeccio-dalcarras\/","title":{"rendered":"El proper diumenge 27 de novembre a les 19h el Centre Municipal de Cultura acollir\u00e0 la projecci\u00f3 d&#8217;Alcarr\u00e0s"},"content":{"rendered":"\n<figure class=\"wp-block-embed is-type-video is-provider-youtube wp-block-embed-youtube wp-embed-aspect-16-9 wp-has-aspect-ratio\"><div class=\"wp-block-embed__wrapper\">\n<iframe loading=\"lazy\" title=\"Cicle Gaud\u00ed: &quot;Alcarr\u00e0s&quot;\" width=\"1170\" height=\"658\" src=\"https:\/\/www.youtube.com\/embed\/DoyNR132CLE?feature=oembed\" frameborder=\"0\" allow=\"accelerometer; autoplay; clipboard-write; encrypted-media; gyroscope; picture-in-picture\" allowfullscreen><\/iframe>\n<\/div><\/figure>\n\n\n\n<p>El proper diumenge 27 d&#8217;octubre, a les 19h, el Centre Municipal de Cultura acollir\u00e0 la projecci\u00f3 de la pel\u00b7l\u00edcula &#8216;Alcarr\u00e0s&#8217; del Cicle Gaud\u00ed.<\/p>\n\n\n\n<p><strong>FITXA T\u00c8CNICA<\/strong><\/p>\n\n\n\n<p>Direcci\u00f3: Carla Sim\u00f3n<\/p>\n\n\n\n<p>Gui\u00f3: Carla Sim\u00f3n, Arnau Vilar\u00f3<\/p>\n\n\n\n<p>Productora: Avalon, Elastica Films, Vla\u00fct Films i Kino Produzioni<\/p>\n\n\n\n<p>Estrena: Abril 2022<\/p>\n\n\n\n<p>Durada: 120 min.<\/p>\n\n\n\n<p>G\u00e8nere: Drama<\/p>\n\n\n\n<p>Versi\u00f3: Original en catal\u00e0<\/p>\n\n\n\n<p>Int\u00e8rprets: Jordi Pujol Dolcet, Anna Ot\u00edn, Xenia Roset, Albert Bosch, Ainet Jounou, Josep Abad, Montse Or\u00f3, Carlos Cab\u00f3s, Berta Pip\u00f3<\/p>\n\n\n\n<p><strong>SINOPSI<\/strong><\/p>\n\n\n\n<p>Durant m\u00e9s de vuitanta anys, la fam\u00edlia Sol\u00e8 ha cultivat una gran extensi\u00f3 de camps de presseguers a Alcarr\u00e0s, una petita localitat rural de Lleida. Amb la mort del propietari de les terres, el seu hereu les vol vendre i tota la fam\u00edlia es reuneix per fer junts la que potser ser\u00e0 la darrera collita.<\/p>\n\n\n\n<p><strong>PREMIS<\/strong><\/p>\n\n\n\n<p>La pel\u00b7l\u00edcula Alcarr\u00e0s va guanyar l&#8217;\u00d3s d&#8217;Or a la 72\u00aa edici\u00f3 de la Berlinale i \u00e9s la pel\u00b7l\u00edcula espanyola candidata a l&#8217;Oscar a la millor pel\u00b7l\u00edcula internacional.<\/p>\n\n\n\n<p><strong>ENTRADES<\/strong><\/p>\n\n\n\n<p>El preu de l&#8217;entrada \u00e9s de 4,5\u20ac (general) i 3\u20ac per als espectadors que presentin el carnet de la Biblioteca P\u00fablica de la Bisbal del Pened\u00e8s. La taquilla obrir\u00e0 15 minuts abans de la projecci\u00f3. Els beneficis es destinaran a l&#8217;entitat que gestioni la taquilla abans de la projecci\u00f3 (es fa un sorteig entre les entitats que volen fer aquesta tasca).<\/p>\n\n\n\n<figure class=\"wp-block-embed is-type-video is-provider-youtube wp-block-embed-youtube wp-embed-aspect-16-9 wp-has-aspect-ratio\"><div class=\"wp-block-embed__wrapper\">\n<iframe loading=\"lazy\" title=\"Parlem amb Carla Sim\u00f3n - &quot;Alcarr\u00e0s&quot;\" width=\"1170\" height=\"658\" src=\"https:\/\/www.youtube.com\/embed\/_hMRNGm9wyo?feature=oembed\" frameborder=\"0\" allow=\"accelerometer; autoplay; clipboard-write; encrypted-media; gyroscope; picture-in-picture\" allowfullscreen><\/iframe>\n<\/div><\/figure>\n\n\n\n<p><strong>CASTELLANO |<\/strong> El pr\u00f3ximo domingo 27 de octubre, a las 19h, el Centre Municipal de Cultura acoger\u00e1 la proyecci\u00f3n de la pel\u00edcula &#8216;Alcarr\u00e0s&#8217; del Cicle Gaud\u00ed.<\/p>\n\n\n\n<p><strong>FICHA T\u00c9CNICA<\/strong><\/p>\n\n\n\n<p>Direcci\u00f3n: Carla Sim\u00f3n<\/p>\n\n\n\n<p>Gui\u00f3n: Carla Sim\u00f3n, Arnau Vilar\u00f3<\/p>\n\n\n\n<p>Productora: Avalon, Elastica Films, Vla\u00fct Films i Kino Produzioni<\/p>\n\n\n\n<p>Estreno: Abril 2022<\/p>\n\n\n\n<p>Duraci\u00f3n: 120 min.<\/p>\n\n\n\n<p>G\u00e9nero: Drama<\/p>\n\n\n\n<p>Versi\u00f3n: Original en catal\u00e1n<\/p>\n\n\n\n<p>Int\u00e9rpretes: Jordi Pujol Dolcet, Anna Ot\u00edn, Xenia Roset, Albert Bosch, Ainet Jounou, Josep Abad, Montse Or\u00f3, Carlos Cab\u00f3s, Berta Pip\u00f3<\/p>\n\n\n\n<p><strong>SINOPSIS<\/strong><\/p>\n\n\n\n<p>Durante m\u00e1s de ochenta a\u00f1os, la familia Sol\u00e8 ha cultivado una gran extensi\u00f3n de campos de melocotoneros en Alcarr\u00e0s, una peque\u00f1a localidad rural de Lleida. Con la muerte del propietario de las tierras, su heredero las quiere vender y toda la familia se re\u00fane para hacer juntos la que quiz\u00e1s ser\u00e1 la \u00faltima cosecha.<\/p>\n\n\n\n<p><strong>PREMIOS<\/strong><\/p>\n\n\n\n<p>La pel\u00edcula Alcarr\u00e0s gan\u00f3 el Oso de Oro en la 72\u00aa edici\u00f3n de la Berlinale y es la pelicula espa\u00f1ola candidata al Oscar a la mejor pel\u00edcula internacional.<\/p>\n\n\n\n<p><strong>ENTRADAS<\/strong><\/p>\n\n\n\n<p>El precio de la entrada es de 4,5\u20ac (general) y 3\u20ac para los espectadores que presenten el carn\u00e9 de la Biblioteca P\u00fablica de la Bisbal el Pened\u00e8s. La taquilla abrir\u00e1 15 minutos antes de la proyecci\u00f3n. los beneficios se destinar\u00e1n a la entidad que gestione la taquilla antes de la proyecci\u00f3n (se hace un sorteo entre las entidades que quieren realizar esta tarea).<\/p>\n","protected":false},"excerpt":{"rendered":"<p>El proper diumenge 27 d&#8217;octubre, a les 19h, el Centre Municipal de Cultura acollir\u00e0 la projecci\u00f3 de la pel\u00b7l\u00edcula &#8216;Alcarr\u00e0s&#8217; del Cicle Gaud\u00ed. FITXA T\u00c8CNICA Direcci\u00f3: Carla Sim\u00f3n Gui\u00f3: Carla &hellip; <a href=\"https:\/\/bisbalpenedes.com\/web\/2022\/11\/08\/el-proper-diumenge-27-de-novembre-a-les-19h-el-centre-municipal-de-cultura-acollira-la-projeccio-dalcarras\/\" class=\"more-link\">Read More<\/a><\/p>\n","protected":false},"author":4,"featured_media":23794,"comment_status":"closed","ping_status":"closed","sticky":false,"template":"","format":"standard","meta":[],"categories":[2942,13,8],"tags":[3237,459,2930,307,393,1374,5590],"_links":{"self":[{"href":"https:\/\/bisbalpenedes.com\/web\/wp-json\/wp\/v2\/posts\/23793"}],"collection":[{"href":"https:\/\/bisbalpenedes.com\/web\/wp-json\/wp\/v2\/posts"}],"about":[{"href":"https:\/\/bisbalpenedes.com\/web\/wp-json\/wp\/v2\/types\/post"}],"author":[{"embeddable":true,"href":"https:\/\/bisbalpenedes.com\/web\/wp-json\/wp\/v2\/users\/4"}],"replies":[{"embeddable":true,"href":"https:\/\/bisbalpenedes.com\/web\/wp-json\/wp\/v2\/comments?post=23793"}],"version-history":[{"count":1,"href":"https:\/\/bisbalpenedes.com\/web\/wp-json\/wp\/v2\/posts\/23793\/revisions"}],"predecessor-version":[{"id":23795,"href":"https:\/\/bisbalpenedes.com\/web\/wp-json\/wp\/v2\/posts\/23793\/revisions\/23795"}],"wp:featuredmedia":[{"embeddable":true,"href":"https:\/\/bisbalpenedes.com\/web\/wp-json\/wp\/v2\/media\/23794"}],"wp:attachment":[{"href":"https:\/\/bisbalpenedes.com\/web\/wp-json\/wp\/v2\/media?parent=23793"}],"wp:term":[{"taxonomy":"category","embeddable":true,"href":"https:\/\/bisbalpenedes.com\/web\/wp-json\/wp\/v2\/categories?post=23793"},{"taxonomy":"post_tag","embeddable":true,"href":"https:\/\/bisbalpenedes.com\/web\/wp-json\/wp\/v2\/tags?post=23793"}],"curies":[{"name":"wp","href":"https:\/\/api.w.org\/{rel}","templated":true}]}}