{"id":23779,"date":"2022-11-07T21:51:44","date_gmt":"2022-11-07T19:51:44","guid":{"rendered":"https:\/\/bisbalpenedes.com\/web\/?p=23779"},"modified":"2022-11-07T21:51:44","modified_gmt":"2022-11-07T19:51:44","slug":"entrevista-a-lalcaldessa-de-la-bisbal-del-penedes-agnes-ferre-al-programa-ull-al-dia-octubre-de-2022","status":"publish","type":"post","link":"https:\/\/bisbalpenedes.com\/web\/2022\/11\/07\/entrevista-a-lalcaldessa-de-la-bisbal-del-penedes-agnes-ferre-al-programa-ull-al-dia-octubre-de-2022\/","title":{"rendered":"Entrevista a l\u2019alcaldessa de la Bisbal del Pened\u00e8s -Agn\u00e8s Ferr\u00e9- al programa \u201cUll al dia\u201d \u2013 Octubre de 2022"},"content":{"rendered":"\n<p>El programa l&#8217;Ull al dia d&#8217;Etv va entrevistar l&#8217;alcaldessa de La Bisbal del Pened\u00e8s, Agn\u00e8s Ferr\u00e9, a finals del mes d\u2019octubre. L\u2019entrevista es va centrar en diversos temes d\u2019actualitat al municipi, com ara una intervenci\u00f3 recent dels Mossos d\u2019Esquadra per aturar una concentraci\u00f3 il\u00b7legal de cotxes al pol\u00edgon industrial; diversos punts aprovats a la Junta de Govern local; les l\u00ednies MAT, a les que l\u2019Ajuntament es continua oposant; la participaci\u00f3 de la Colla Castellera de la Bisbal del Pened\u00e8s al Concurs de Castells; la campanya de prevenci\u00f3 de la sinistralitat en la circulaci\u00f3 \u201cCanvi de Marxa\u201d que du a terme el Consell Comarcal del Baix Pened\u00e8s; i els pressupostos de la Generalitat de Catalunya per al Baix Pened\u00e8s i la preocupaci\u00f3 dels alcaldes de la comarca per la sanitat p\u00fablica i, concretament, per la manca de recursos a l\u2019Hospital Comarcal del Vendrell.<\/p>\n\n\n\n<p>Enlla\u00e7 a l&#8217;entrevista: <a href=\"https:\/\/etv.alacarta.cat\/l-ull-al-dia\/capitol\/agnes-ferre_24102022\" target=\"_blank\" rel=\"noreferrer noopener\">https:\/\/etv.alacarta.cat\/l-ull-al-dia\/capitol\/agnes-ferre_24102022<\/a><\/p>\n\n\n\n<hr class=\"wp-block-separator has-alpha-channel-opacity\"\/>\n\n\n\n<p>Entrevista a l\u2019alcaldessa de la Bisbal del Pened\u00e8s -Agn\u00e8s Ferr\u00e9- al programa \u201cUll al dia\u201d \u2013 Octubre de 2022El programa l&#8217;Ull al dia de ETV entrevist\u00f3 a la alcaldesa de La Bisbal Pened\u00e8s, Agn\u00e8s Ferr\u00e9, a finales del mes de octubre. La entrevista se centr\u00f3 en varios temas de actualidad en el municipio, como por ejemplo una intervenci\u00f3n reciente de los Mossos d\u2019Esquadra para parar una concentraci\u00f3n ilegal de coches en el pol\u00edgono industrial; varios puntos aprobados en la Junta de Gobierno local; las l\u00edneas MAT, a las que el Ayuntamiento se contin\u00faa oponiendo; la participaci\u00f3n de la Colla Castellera de la Bisbal del Pened\u00e8s en el Concurs de Castells; la campa\u00f1a de prevenci\u00f3n de la siniestralidad en la circulaci\u00f3n \u201cCanvi de Marxa\u201d que lleva a cabo el Consell Comarcal del Baix Pened\u00e8s; y los presupuestos de la Generalitat de Catalunya para el Baix Pened\u00e8s y la preocupaci\u00f3n de los alcaldes de la comarca por la sanidad p\u00fablica y, concretamente, por la falta de recursos en el Hospital Comarcal del Vendrell.<\/p>\n\n\n\n<p>Enlace a la entrevista: <a href=\"https:\/\/etv.alacarta.cat\/l-ull-al-dia\/capitol\/agnes-ferre_24102022\" target=\"_blank\" rel=\"noreferrer noopener\">https:\/\/etv.alacarta.cat\/l-ull-al-dia\/capitol\/agnes-ferre_24102022<\/a><\/p>\n\n\n\n<p><\/p>\n","protected":false},"excerpt":{"rendered":"<p>El programa l&#8217;Ull al dia d&#8217;Etv va entrevistar l&#8217;alcaldessa de La Bisbal del Pened\u00e8s, Agn\u00e8s Ferr\u00e9, a finals del mes d\u2019octubre. L\u2019entrevista es va centrar en diversos temes d\u2019actualitat al &hellip; <a href=\"https:\/\/bisbalpenedes.com\/web\/2022\/11\/07\/entrevista-a-lalcaldessa-de-la-bisbal-del-penedes-agnes-ferre-al-programa-ull-al-dia-octubre-de-2022\/\" class=\"more-link\">Read More<\/a><\/p>\n","protected":false},"author":4,"featured_media":23780,"comment_status":"closed","ping_status":"closed","sticky":false,"template":"","format":"standard","meta":[],"categories":[2057,8],"tags":[1151,2092,1252,459,2471,393,1374,4999],"_links":{"self":[{"href":"https:\/\/bisbalpenedes.com\/web\/wp-json\/wp\/v2\/posts\/23779"}],"collection":[{"href":"https:\/\/bisbalpenedes.com\/web\/wp-json\/wp\/v2\/posts"}],"about":[{"href":"https:\/\/bisbalpenedes.com\/web\/wp-json\/wp\/v2\/types\/post"}],"author":[{"embeddable":true,"href":"https:\/\/bisbalpenedes.com\/web\/wp-json\/wp\/v2\/users\/4"}],"replies":[{"embeddable":true,"href":"https:\/\/bisbalpenedes.com\/web\/wp-json\/wp\/v2\/comments?post=23779"}],"version-history":[{"count":2,"href":"https:\/\/bisbalpenedes.com\/web\/wp-json\/wp\/v2\/posts\/23779\/revisions"}],"predecessor-version":[{"id":23785,"href":"https:\/\/bisbalpenedes.com\/web\/wp-json\/wp\/v2\/posts\/23779\/revisions\/23785"}],"wp:featuredmedia":[{"embeddable":true,"href":"https:\/\/bisbalpenedes.com\/web\/wp-json\/wp\/v2\/media\/23780"}],"wp:attachment":[{"href":"https:\/\/bisbalpenedes.com\/web\/wp-json\/wp\/v2\/media?parent=23779"}],"wp:term":[{"taxonomy":"category","embeddable":true,"href":"https:\/\/bisbalpenedes.com\/web\/wp-json\/wp\/v2\/categories?post=23779"},{"taxonomy":"post_tag","embeddable":true,"href":"https:\/\/bisbalpenedes.com\/web\/wp-json\/wp\/v2\/tags?post=23779"}],"curies":[{"name":"wp","href":"https:\/\/api.w.org\/{rel}","templated":true}]}}