{"id":23772,"date":"2022-11-04T15:45:26","date_gmt":"2022-11-04T13:45:26","guid":{"rendered":"https:\/\/bisbalpenedes.com\/web\/?p=23772"},"modified":"2022-11-08T15:18:45","modified_gmt":"2022-11-08T13:18:45","slug":"lavinguda-baix-penedes-compta-amb-un-nou-mural-des-del-passat-cap-de-setmana-la-linia-de-la-vida","status":"publish","type":"post","link":"https:\/\/bisbalpenedes.com\/web\/2022\/11\/04\/lavinguda-baix-penedes-compta-amb-un-nou-mural-des-del-passat-cap-de-setmana-la-linia-de-la-vida\/","title":{"rendered":"L&#8217;avinguda Baix Pened\u00e8s compta amb un nou mural des del passat cap de setmana: &#8220;La l\u00ednia de la vida&#8221;"},"content":{"rendered":"\n<p>L&#8217;avinguda Baix Pened\u00e8s compta amb una nova pintura mural que porta per t\u00edtol &#8220;La l\u00ednia de la vida&#8221;. Aquesta, est\u00e0 ubicada a la paret lateral de l&#8217;equipament municipal que aplega el servei del Rebost Solidari, l&#8217;oficina del servei municipal d&#8217;aig\u00fces d&#8217;Aqualia i l&#8217;oficina de la Joventut Bisbalenca. La pintura l&#8217;han realitzat l&#8217;artista barcelon\u00ed Eslicer i el burgol\u00e8s Christian Sasa. Es tracta d&#8217;un treball de Suite of Art, el projecte del qual forma part el bisbalenc Jaume Junqu\u00e9, qui ha explicat que aquesta pintura &#8220;representa el cicle de la vida, des de l&#8217;inici, amb el nen i la rosa, i amb traces de colors fins a la tija final, que \u00e9s la vellesa, quan finalitza i, per aix\u00f2, hi ha una altra m\u00e0 amb la rosa tallada. Els tra\u00e7os i combinacions de colors blanc i negre representen les viv\u00e8ncies que viu cada persona, de vegades bones i de vegades dolentes. I, per \u00faltim, la rosa fa una picada d&#8217;ullet a la cultura catalana -per Sant Jordi- i els colors que es representen en l&#8217;home i el nen tamb\u00e9 reivindiquen la igualtat&#8221;. L&#8217;Ajuntament est\u00e0 treballant per embellir el municipi amb treballs de pintura mural. Recentment, aquesta mateixa empresa ha pintat un mural a l&#8217;Era de Batre de 14x2m amb fotografies de les d\u00e8cades de 1940 i 1950 que il\u00b7lustren els treballs de batre i separar el gra, feina que es feia primer a m\u00e0 i amb tracci\u00f3 animal i que, a partir de mitjans de segle, es mecanitz\u00e0 amb les primeres m\u00e0quines de batre.<\/p>\n\n\n\n<figure class=\"wp-block-image size-large\"><img loading=\"lazy\" width=\"1024\" height=\"568\" src=\"https:\/\/bisbalpenedes.com\/web\/wp-content\/uploads\/2022\/11\/MURAL-DE-LERA-DE-BATRE-1024x568.jpg\" alt=\"\" class=\"wp-image-23774\" srcset=\"https:\/\/bisbalpenedes.com\/web\/wp-content\/uploads\/2022\/11\/MURAL-DE-LERA-DE-BATRE-1024x568.jpg 1024w, https:\/\/bisbalpenedes.com\/web\/wp-content\/uploads\/2022\/11\/MURAL-DE-LERA-DE-BATRE-300x166.jpg 300w, https:\/\/bisbalpenedes.com\/web\/wp-content\/uploads\/2022\/11\/MURAL-DE-LERA-DE-BATRE-768x426.jpg 768w, https:\/\/bisbalpenedes.com\/web\/wp-content\/uploads\/2022\/11\/MURAL-DE-LERA-DE-BATRE-1536x852.jpg 1536w, https:\/\/bisbalpenedes.com\/web\/wp-content\/uploads\/2022\/11\/MURAL-DE-LERA-DE-BATRE-2048x1136.jpg 2048w, https:\/\/bisbalpenedes.com\/web\/wp-content\/uploads\/2022\/11\/MURAL-DE-LERA-DE-BATRE-600x333.jpg 600w\" sizes=\"(max-width: 1024px) 100vw, 1024px\" \/><\/figure>\n\n\n\n<p>Anteriorment, el muralista baixpenedesenc Jordi Romeu va fer pintures murals a la caseta de la llum de l&#8217;Era de Batre i en un mur del local social de l&#8217;Esplai. Aquest mateix artista tamb\u00e9 va fer, pr\u00e8viament, les pintures dels dip\u00f2sits d&#8217;aigua de Can Gordei, el Priorat i l&#8217;Esplai, en el marc d&#8217;un projecte per la commemoraci\u00f3 del Dia mundial per a l&#8217;eliminaci\u00f3 de la viol\u00e8ncia envers les dones que va comptar amb la col\u00b7laboraci\u00f3 d&#8217;Aqualia.<\/p>\n\n\n\n<p>L&#8217;alcaldessa de la Bisbal del Pened\u00e8s, Agn\u00e8s Ferr\u00e9, ha explicat que <em>&#8220;aquest projecte el vam iniciar com a acte reivindicatiu, contra la viol\u00e8ncia de g\u00e8nere, fent pintures als dip\u00f2sits d&#8217;aigua de Can Gordei, l&#8217;Esplai i el Priorat i, com ens va agradar tant aquesta idea, s&#8217;han anat duent a terme altres projectes per omplir d&#8217;art el municipi. Primer, amb aquestes pintures reivindicatives que comentava, a c\u00e0rrec del Jordi Romeu. Despr\u00e9s, aquest mateix artista va fer els murals del local social de l&#8217;Esplai i de la caseta de l&#8217;Era, com a treball final per als seus estudis. I ara, hem donat continu\u00eftat al projecte amb els murals de l&#8217;Era de Batre i de l&#8217;edifici del &#8216;Rebost Solidari&#8217;, per part d&#8217;altres artistes&#8221;. L&#8217;alcaldessa ha comentat que des de l&#8217;Ajuntament &#8220;no descartem continuar omplint el municipi amb m\u00e9s art&#8221;.<\/em><\/p>\n\n\n\n<p>Reportatge de R\u00e0dio Televisi\u00f3 El Vendrell: <\/p>\n\n\n\n<figure class=\"wp-block-embed is-type-wp-embed is-provider-radio-televisio-el-vendrell wp-block-embed-radio-televisio-el-vendrell\"><div class=\"wp-block-embed__wrapper\">\n<blockquote class=\"wp-embedded-content\" data-secret=\"4Qa8ZGCm13\"><a href=\"https:\/\/www.rtvelvendrell.cat\/la-bisbal-estrena-dues-pintures-murals-espectaculars\/\">La Bisbal estrena dues pintures murals espectaculars<\/a><\/blockquote><iframe class=\"wp-embedded-content\" sandbox=\"allow-scripts\" security=\"restricted\" style=\"position: absolute; clip: rect(1px, 1px, 1px, 1px);\" title=\"&#8220;La Bisbal estrena dues pintures murals espectaculars&#8221; &#8212; R\u00e0dio Televisi\u00f3 El Vendrell\" src=\"https:\/\/www.rtvelvendrell.cat\/la-bisbal-estrena-dues-pintures-murals-espectaculars\/embed\/#?secret=ur1cG3wNCI#?secret=4Qa8ZGCm13\" data-secret=\"4Qa8ZGCm13\" width=\"600\" height=\"338\" frameborder=\"0\" marginwidth=\"0\" marginheight=\"0\" scrolling=\"no\"><\/iframe>\n<\/div><\/figure>\n\n\n\n<hr class=\"wp-block-separator has-alpha-channel-opacity\"\/>\n\n\n\n<p><strong>CASATELLANO |<\/strong> La avenida Baix Pened\u00e8s cuenta con una nueva pintura mural que lleva por t\u00edtulo &#8220;La l\u00ednea de la vida&#8221;. Esta, est\u00e1 ubicada en la pared lateral del equipamiento municipal que re\u00fane el servicio del &#8216;Rebost Solidari&#8217;, la oficina del servicio municipal de aguas de Aqualia y la oficina de la Joventut Bisbalenca. La pintura la han realizado el artista barcelon\u00e9s Eslicer y el burgal\u00e9s Christian Sasa. Se trata de un trabajo de Suite of Art, el proyecto del que forma parte el bisbalenc Jaume Junqu\u00e9, que ha explicado que esta pintura &#8220;representa el ciclo de la vida, desde el inicio, con el ni\u00f1o y la rosa, y con trazas de colores hasta el tallo final, que es la vejez, cuando finaliza y, por eso, hay otra mano con una rosa cortada. Los trazos y combinaciones de colores blanco y negro representan las vivencias que vive cada persona, a veces buenas y otras malas. Y, por \u00faltimo, la rosa hace un gui\u00f1o a la cultura catalana -por Sant Jordi- y los colores que se representan en el hombre y el ni\u00f1o tambi\u00e9n reivindican la igualdad&#8221;. El Ayuntamiento est\u00e1 trabajando por embellecer el municipio con trabajos de pintura mural. Recientemente, esta misma empresa ha pintado un mural en l&#8217;Era de Batre de 14x2m con fotograf\u00edas de las d\u00e9cadas de 1940 y 1950 que ilustran los trabajos de trillar y separar el grano, trabajo que se hac\u00eda primero a mano y con tracci\u00f3n animal y que, a partir de mediados de siglo, se mecaniz\u00f3 con las primeras trilladoras mec\u00e1nicas.<\/p>\n\n\n\n<p>Anteriormente, el muralista del Baix Pened\u00e8s Jordi Romeu hizo pinturas murales en la caseta de la luz de l&#8217;Era de Batre y en un muro del local social del Esplai. Este mismo artista tambi\u00e9n hizo, previamente, las pinturas de los dep\u00f3sitos de agua de Can Gordei, el Priorat y el Esplai, en el marco de un proyecto para la conmemoraci\u00f3n del D\u00eda mundial para la eliminaci\u00f3n de la violencia hacia las mujeres que cont\u00f3 con la colaboraci\u00f3n de Aqualia.<\/p>\n\n\n\n<p>La alcaldesa de la Bisbal del Pened\u00e8s, Agn\u00e8s Ferr\u00e9, ha explicado que <em>&#8220;este proyecto lo iniciamos como acto reivindicativo, contra la violencia de g\u00e9nero, haciendo pinturas en los dep\u00f3sitos de agua de Can Gordei, l&#8217;Esplai y el Priorat y, como nos gust\u00f3 tanto esta idea, se han ido llevando a cabo otros proyectos para llenar de arte el municipio. Primero, con estas pinturas reivindicativas que comentaba, a cargo de Jordi Romeu. Despu\u00e9s, este mismo artista hizo los murales del local social de l&#8217;Esplai y de la caseta de l&#8217;Era, como trabajo final para sus estudios. Y ahora, hemos dado continuidad al proyecto con los murales de l&#8217;Era de Batre y del edificio del &#8216;Rebost Solidari&#8217;, por parte de otros artistas&#8221;. La alcaldesa ha comentado que desde el Ayuntamiento &#8220;no descartamos continuar llenando el municipio con m\u00e1s arte&#8221;.<\/em><\/p>\n\n\n\n<p>Reportaje de R\u00e0dio Televisi\u00f3 El Vendrell:<\/p>\n\n\n\n<figure class=\"wp-block-embed is-type-wp-embed is-provider-radio-televisio-el-vendrell wp-block-embed-radio-televisio-el-vendrell\"><div class=\"wp-block-embed__wrapper\">\n<blockquote class=\"wp-embedded-content\" data-secret=\"4Qa8ZGCm13\"><a href=\"https:\/\/www.rtvelvendrell.cat\/la-bisbal-estrena-dues-pintures-murals-espectaculars\/\">La Bisbal estrena dues pintures murals espectaculars<\/a><\/blockquote><iframe class=\"wp-embedded-content\" sandbox=\"allow-scripts\" security=\"restricted\" style=\"position: absolute; clip: rect(1px, 1px, 1px, 1px);\" title=\"&#8220;La Bisbal estrena dues pintures murals espectaculars&#8221; &#8212; R\u00e0dio Televisi\u00f3 El Vendrell\" src=\"https:\/\/www.rtvelvendrell.cat\/la-bisbal-estrena-dues-pintures-murals-espectaculars\/embed\/#?secret=ur1cG3wNCI#?secret=4Qa8ZGCm13\" data-secret=\"4Qa8ZGCm13\" width=\"600\" height=\"338\" frameborder=\"0\" marginwidth=\"0\" marginheight=\"0\" scrolling=\"no\"><\/iframe>\n<\/div><\/figure>\n","protected":false},"excerpt":{"rendered":"<p>L&#8217;avinguda Baix Pened\u00e8s compta amb una nova pintura mural que porta per t\u00edtol &#8220;La l\u00ednia de la vida&#8221;. Aquesta, est\u00e0 ubicada a la paret lateral de l&#8217;equipament municipal que aplega &hellip; <a href=\"https:\/\/bisbalpenedes.com\/web\/2022\/11\/04\/lavinguda-baix-penedes-compta-amb-un-nou-mural-des-del-passat-cap-de-setmana-la-linia-de-la-vida\/\" class=\"more-link\">Read More<\/a><\/p>\n","protected":false},"author":4,"featured_media":23773,"comment_status":"closed","ping_status":"closed","sticky":false,"template":"","format":"standard","meta":[],"categories":[2402,8],"tags":[510,459,393,5211,5581],"_links":{"self":[{"href":"https:\/\/bisbalpenedes.com\/web\/wp-json\/wp\/v2\/posts\/23772"}],"collection":[{"href":"https:\/\/bisbalpenedes.com\/web\/wp-json\/wp\/v2\/posts"}],"about":[{"href":"https:\/\/bisbalpenedes.com\/web\/wp-json\/wp\/v2\/types\/post"}],"author":[{"embeddable":true,"href":"https:\/\/bisbalpenedes.com\/web\/wp-json\/wp\/v2\/users\/4"}],"replies":[{"embeddable":true,"href":"https:\/\/bisbalpenedes.com\/web\/wp-json\/wp\/v2\/comments?post=23772"}],"version-history":[{"count":2,"href":"https:\/\/bisbalpenedes.com\/web\/wp-json\/wp\/v2\/posts\/23772\/revisions"}],"predecessor-version":[{"id":23797,"href":"https:\/\/bisbalpenedes.com\/web\/wp-json\/wp\/v2\/posts\/23772\/revisions\/23797"}],"wp:featuredmedia":[{"embeddable":true,"href":"https:\/\/bisbalpenedes.com\/web\/wp-json\/wp\/v2\/media\/23773"}],"wp:attachment":[{"href":"https:\/\/bisbalpenedes.com\/web\/wp-json\/wp\/v2\/media?parent=23772"}],"wp:term":[{"taxonomy":"category","embeddable":true,"href":"https:\/\/bisbalpenedes.com\/web\/wp-json\/wp\/v2\/categories?post=23772"},{"taxonomy":"post_tag","embeddable":true,"href":"https:\/\/bisbalpenedes.com\/web\/wp-json\/wp\/v2\/tags?post=23772"}],"curies":[{"name":"wp","href":"https:\/\/api.w.org\/{rel}","templated":true}]}}