{"id":23768,"date":"2022-11-04T15:20:45","date_gmt":"2022-11-04T13:20:45","guid":{"rendered":"https:\/\/bisbalpenedes.com\/web\/?p=23768"},"modified":"2022-11-04T15:20:45","modified_gmt":"2022-11-04T13:20:45","slug":"els-vehicles-electrics-i-hibrids-tindran-una-bonificacio-del-50-en-la-quota-de-limpost-de-circulacio","status":"publish","type":"post","link":"https:\/\/bisbalpenedes.com\/web\/2022\/11\/04\/els-vehicles-electrics-i-hibrids-tindran-una-bonificacio-del-50-en-la-quota-de-limpost-de-circulacio\/","title":{"rendered":"Els vehicles el\u00e8ctrics i h\u00edbrids tindran una bonificaci\u00f3 del 50% en la quota de l&#8217;Impost de Circulaci\u00f3"},"content":{"rendered":"\n<p>El <a href=\"https:\/\/bisbalpenedes.com\/web\/2022\/11\/02\/el-passat-dilluns-31-doctubre-es-va-celebrar-un-ple-extraordinari-a-lajuntament-de-la-bisbal-del-penedes\/\" target=\"_blank\" rel=\"noreferrer noopener\">Ple extraordinari<\/a> de l&#8217;Ajuntament de la Bisbal del Pened\u00e8s, celebrat aquest dilluns 31 d&#8217;octubre, ha aprovat modificar l&#8217;ordenan\u00e7a de l&#8217;Impost de Vehicles de Tracci\u00f3 Mec\u00e0nica per als vehicles el\u00e8ctrics i h\u00edbrids amb l&#8217;adhesi\u00f3 al text \u00edntegre aprovat per BASE-Gesti\u00f3 d&#8217;Ingressos de la Diputaci\u00f3 de Tarragona i afegint-hi una bonificaci\u00f3 del 50% de la quota de l&#8217;Impost de Circulaci\u00f3 per als vehicles el\u00e8ctrics o h\u00edbrids. L&#8217;objectiu d&#8217;aquesta modificaci\u00f3 \u00e9s impulsar l&#8217;energia verda i reduir la contaminaci\u00f3. <\/p>\n\n\n\n<p>Amb les dades de qu\u00e8 es disposa al padr\u00f3 de vehicles del municipi, en l&#8217;actualitat consten 53 vehicles inscrits amb les caracter\u00edstiques necess\u00e0ries per rebre la bonificaci\u00f3: 8 vehicles s\u00f3n el\u00e8ctrics i 45 h\u00edbrids.<\/p>\n\n\n\n<p>Els vehicles que podran demanar la bonificaci\u00f3 s\u00f3n aquells que:<\/p>\n\n\n\n<ul><li>Consumeixen algun dels combustibles seg\u00fcents: GLP, flexifuel, GNL o GNC<\/li><li>Disposen de motors amb les caracter\u00edstiques seg\u00fcents: motor el\u00e8ctric o motor h\u00edbrid (gasolina\/el\u00e8ctric o di\u00e8sel\/el\u00e8ctric).<\/li><\/ul>\n\n\n\n<p>Una vegada aprovada definitivament, ser\u00e0 d&#8217;aplicaci\u00f3 per al 2023. Els interessats a sol\u00b7licitar la bonificaci\u00f3 caldr\u00e0 que s&#8217;adrecin a l&#8217;Ajuntament de la Bisbal del Pened\u00e8s aportant el Perm\u00eds de circulaci\u00f3 i la Targeta d&#8217;inspecci\u00f3 t\u00e8cnica on consti que el vehicle compleix les caracter\u00edstiques necess\u00e0ries per a beneficiar-se de la bonificaci\u00f3.<\/p>\n\n\n\n<p>Aquesta modificaci\u00f3 ha estat publicada al <a href=\"https:\/\/www.diputaciodetarragona.cat\/ebop\/index.php?op=anunci&amp;id=9886&amp;ebop_any=2022\">BOPT<\/a> aquest dimecres 2 de novembre i estar\u00e0 en exposici\u00f3 p\u00fablica fins al 16 de desembre.<\/p>\n\n\n\n<hr class=\"wp-block-separator has-alpha-channel-opacity\"\/>\n\n\n\n<p><strong>CASTELLANO |<\/strong> El <a href=\"https:\/\/bisbalpenedes.com\/web\/2022\/11\/02\/el-passat-dilluns-31-doctubre-es-va-celebrar-un-ple-extraordinari-a-lajuntament-de-la-bisbal-del-penedes\/\" target=\"_blank\" rel=\"noreferrer noopener\">Pleno extraordinario<\/a> del Ayuntamiento de la Bisbal del Pened\u00e8s, celebrado este lunes 31 de octubre, ha aprobado modificar la ordenanza del Impuesto de Veh\u00edculos de Tracci\u00f3n Mec\u00e1nica para los veh\u00edculos el\u00e9ctricos e h\u00edbridos con la adhesi\u00f3n al texto \u00edntegro aprobado por BASE-Gesti\u00f3n de Ingresos de la Diputaci\u00f3n de Tarragona y a\u00f1adiendo una bonificaci\u00f3n del 50% de la cuota del Impuesto de Circulaci\u00f3n para los veh\u00edculos el\u00e9ctricos o h\u00edbridos. El objetivo de esta modificaci\u00f3n es impulsar la energ\u00eda verde y reducir la contaminaci\u00f3n.<\/p>\n\n\n\n<p>Con los datos de que se dispone al padr\u00f3n de veh\u00edculos del municipio, en la actualidad constan 53 veh\u00edculos inscritos con las caracter\u00edsticas necesarias para recibir la bonificaci\u00f3n: 8 veh\u00edculos son el\u00e9ctricos y 45 h\u00edbridos.<\/p>\n\n\n\n<p>Los veh\u00edculos que podr\u00e1n pedir la bonificaci\u00f3n son aquellos que:<\/p>\n\n\n\n<ul><li>Consumen alguno de los combustibles siguientes: GLP, flexifuel, GNL o GNC<\/li><\/ul>\n\n\n\n<ul><li>Disponen de motores con las caracter\u00edsticas siguientes: motor el\u00e9ctrico o motor h\u00edbrido (gasolina\/el\u00e9ctrico o di\u00e9sel\/el\u00e9ctrico).<\/li><\/ul>\n\n\n\n<p>Una vez aprobada definitivamente, ser\u00e1 de aplicaci\u00f3n para el 2023. Los interesados a solicitar la bonificaci\u00f3n har\u00e1 falta que se dirijan en el Ayuntamiento de la Bisbal del Pened\u00e8s aportando el Permiso de circulaci\u00f3n y la Tarjeta de inspecci\u00f3n t\u00e9cnica donde conste que el veh\u00edculo cumple las caracter\u00edsticas necesarias para beneficiarse de la bonificaci\u00f3n.<\/p>\n\n\n\n<p>Esta modificaci\u00f3n ha sido publicada al BOPT este mi\u00e9rcoles 2 de noviembre y estar\u00e1 en exposici\u00f3n p\u00fablica hasta el 16 de diciembre.<\/p>\n","protected":false},"excerpt":{"rendered":"<p>El Ple extraordinari de l&#8217;Ajuntament de la Bisbal del Pened\u00e8s, celebrat aquest dilluns 31 d&#8217;octubre, ha aprovat modificar l&#8217;ordenan\u00e7a de l&#8217;Impost de Vehicles de Tracci\u00f3 Mec\u00e0nica per als vehicles el\u00e8ctrics &hellip; <a href=\"https:\/\/bisbalpenedes.com\/web\/2022\/11\/04\/els-vehicles-electrics-i-hibrids-tindran-una-bonificacio-del-50-en-la-quota-de-limpost-de-circulacio\/\" class=\"more-link\">Read More<\/a><\/p>\n","protected":false},"author":4,"featured_media":23769,"comment_status":"closed","ping_status":"closed","sticky":false,"template":"","format":"standard","meta":[],"categories":[32,8],"tags":[4305,650,5575,5576,5578,5577,3577,393,220,5579,5580,5369,5566],"_links":{"self":[{"href":"https:\/\/bisbalpenedes.com\/web\/wp-json\/wp\/v2\/posts\/23768"}],"collection":[{"href":"https:\/\/bisbalpenedes.com\/web\/wp-json\/wp\/v2\/posts"}],"about":[{"href":"https:\/\/bisbalpenedes.com\/web\/wp-json\/wp\/v2\/types\/post"}],"author":[{"embeddable":true,"href":"https:\/\/bisbalpenedes.com\/web\/wp-json\/wp\/v2\/users\/4"}],"replies":[{"embeddable":true,"href":"https:\/\/bisbalpenedes.com\/web\/wp-json\/wp\/v2\/comments?post=23768"}],"version-history":[{"count":1,"href":"https:\/\/bisbalpenedes.com\/web\/wp-json\/wp\/v2\/posts\/23768\/revisions"}],"predecessor-version":[{"id":23770,"href":"https:\/\/bisbalpenedes.com\/web\/wp-json\/wp\/v2\/posts\/23768\/revisions\/23770"}],"wp:featuredmedia":[{"embeddable":true,"href":"https:\/\/bisbalpenedes.com\/web\/wp-json\/wp\/v2\/media\/23769"}],"wp:attachment":[{"href":"https:\/\/bisbalpenedes.com\/web\/wp-json\/wp\/v2\/media?parent=23768"}],"wp:term":[{"taxonomy":"category","embeddable":true,"href":"https:\/\/bisbalpenedes.com\/web\/wp-json\/wp\/v2\/categories?post=23768"},{"taxonomy":"post_tag","embeddable":true,"href":"https:\/\/bisbalpenedes.com\/web\/wp-json\/wp\/v2\/tags?post=23768"}],"curies":[{"name":"wp","href":"https:\/\/api.w.org\/{rel}","templated":true}]}}