{"id":23760,"date":"2022-11-04T14:28:33","date_gmt":"2022-11-04T12:28:33","guid":{"rendered":"https:\/\/bisbalpenedes.com\/web\/?p=23760"},"modified":"2022-11-04T14:28:33","modified_gmt":"2022-11-04T12:28:33","slug":"avis-per-vent-per-al-divendres-4-i-el-dissabte-5-de-novembre","status":"publish","type":"post","link":"https:\/\/bisbalpenedes.com\/web\/2022\/11\/04\/avis-per-vent-per-al-divendres-4-i-el-dissabte-5-de-novembre\/","title":{"rendered":"Av\u00eds per vent per al divendres 4 i el dissabte 5 de novembre"},"content":{"rendered":"\n<p>Hi ha una alerta #Ventcat activa per vent fort a Catalunya i, concretament, a la nostra comarca.<br>Extremeu les precaucions. Us deixem el mapa de previsions del Servei Meteorol\u00f2gic de Catalunya i les recomanacions de Protecci\u00f3 Civil.<\/p>\n\n\n\n<hr class=\"wp-block-separator has-alpha-channel-opacity\"\/>\n\n\n\n<p>Hay una alerta #Ventcat activa por viento fuerte en Catalu\u00f1a y, concretamente, en nuestra comarca.<br>Extremad las precauciones. Os dejamos el mapa de previsiones del Servicio Meteorol\u00f3gico de Catalu\u00f1a y las recomendaciones de Protecci\u00f3n Civil.<\/p>\n\n\n\n<figure class=\"wp-block-image size-large\"><img loading=\"lazy\" width=\"724\" height=\"1024\" src=\"https:\/\/bisbalpenedes.com\/web\/wp-content\/uploads\/2022\/11\/Cartell_ventades_gencat_lila_page-0001-724x1024.jpeg\" alt=\"\" class=\"wp-image-23761\" srcset=\"https:\/\/bisbalpenedes.com\/web\/wp-content\/uploads\/2022\/11\/Cartell_ventades_gencat_lila_page-0001-724x1024.jpeg 724w, https:\/\/bisbalpenedes.com\/web\/wp-content\/uploads\/2022\/11\/Cartell_ventades_gencat_lila_page-0001-212x300.jpeg 212w, https:\/\/bisbalpenedes.com\/web\/wp-content\/uploads\/2022\/11\/Cartell_ventades_gencat_lila_page-0001-768x1086.jpeg 768w, https:\/\/bisbalpenedes.com\/web\/wp-content\/uploads\/2022\/11\/Cartell_ventades_gencat_lila_page-0001-1086x1536.jpeg 1086w, https:\/\/bisbalpenedes.com\/web\/wp-content\/uploads\/2022\/11\/Cartell_ventades_gencat_lila_page-0001-1448x2048.jpeg 1448w, https:\/\/bisbalpenedes.com\/web\/wp-content\/uploads\/2022\/11\/Cartell_ventades_gencat_lila_page-0001-600x849.jpeg 600w, https:\/\/bisbalpenedes.com\/web\/wp-content\/uploads\/2022\/11\/Cartell_ventades_gencat_lila_page-0001.jpeg 1754w\" sizes=\"(max-width: 724px) 100vw, 724px\" \/><\/figure>\n","protected":false},"excerpt":{"rendered":"<p>Hi ha una alerta #Ventcat activa per vent fort a Catalunya i, concretament, a la nostra comarca.Extremeu les precaucions. Us deixem el mapa de previsions del Servei Meteorol\u00f2gic de Catalunya &hellip; <a href=\"https:\/\/bisbalpenedes.com\/web\/2022\/11\/04\/avis-per-vent-per-al-divendres-4-i-el-dissabte-5-de-novembre\/\" class=\"more-link\">Read More<\/a><\/p>\n","protected":false},"author":4,"featured_media":23762,"comment_status":"closed","ping_status":"closed","sticky":false,"template":"","format":"standard","meta":[],"categories":[1628,2543,8],"tags":[3539,459,393,1188,1339,1187,4047],"_links":{"self":[{"href":"https:\/\/bisbalpenedes.com\/web\/wp-json\/wp\/v2\/posts\/23760"}],"collection":[{"href":"https:\/\/bisbalpenedes.com\/web\/wp-json\/wp\/v2\/posts"}],"about":[{"href":"https:\/\/bisbalpenedes.com\/web\/wp-json\/wp\/v2\/types\/post"}],"author":[{"embeddable":true,"href":"https:\/\/bisbalpenedes.com\/web\/wp-json\/wp\/v2\/users\/4"}],"replies":[{"embeddable":true,"href":"https:\/\/bisbalpenedes.com\/web\/wp-json\/wp\/v2\/comments?post=23760"}],"version-history":[{"count":1,"href":"https:\/\/bisbalpenedes.com\/web\/wp-json\/wp\/v2\/posts\/23760\/revisions"}],"predecessor-version":[{"id":23763,"href":"https:\/\/bisbalpenedes.com\/web\/wp-json\/wp\/v2\/posts\/23760\/revisions\/23763"}],"wp:featuredmedia":[{"embeddable":true,"href":"https:\/\/bisbalpenedes.com\/web\/wp-json\/wp\/v2\/media\/23762"}],"wp:attachment":[{"href":"https:\/\/bisbalpenedes.com\/web\/wp-json\/wp\/v2\/media?parent=23760"}],"wp:term":[{"taxonomy":"category","embeddable":true,"href":"https:\/\/bisbalpenedes.com\/web\/wp-json\/wp\/v2\/categories?post=23760"},{"taxonomy":"post_tag","embeddable":true,"href":"https:\/\/bisbalpenedes.com\/web\/wp-json\/wp\/v2\/tags?post=23760"}],"curies":[{"name":"wp","href":"https:\/\/api.w.org\/{rel}","templated":true}]}}