{"id":2376,"date":"2017-05-10T02:51:03","date_gmt":"2017-05-09T20:51:03","guid":{"rendered":"http:\/\/bisbalpenedes.com\/web\/?p=2376"},"modified":"2017-05-10T04:12:35","modified_gmt":"2017-05-09T22:12:35","slug":"el-proper-dissabte-20-de-maig-es-dura-a-terme-un-torneig-de-futbol-a-la-nova-pista-de-futbol-de-la-bisbal","status":"publish","type":"post","link":"https:\/\/bisbalpenedes.com\/web\/2017\/05\/10\/el-proper-dissabte-20-de-maig-es-dura-a-terme-un-torneig-de-futbol-a-la-nova-pista-de-futbol-de-la-bisbal\/","title":{"rendered":"El proper dissabte 20 de maig es dur\u00e0 a terme un torneig de futbol a la nova pista de La Bisbal"},"content":{"rendered":"<p><a href=\"http:\/\/bisbalpenedes.com\/web\/wp-content\/uploads\/2017\/05\/POSTER_INAUGURACIO_PISTA_2017c.jpg\"><img loading=\"lazy\" class=\"aligncenter size-medium wp-image-2377\" title=\"POSTER_INAUGURACIO_PISTA_2017c\" src=\"http:\/\/bisbalpenedes.com\/web\/wp-content\/uploads\/2017\/05\/POSTER_INAUGURACIO_PISTA_2017c-204x300.jpg\" alt=\"\" width=\"204\" height=\"300\" srcset=\"https:\/\/bisbalpenedes.com\/web\/wp-content\/uploads\/2017\/05\/POSTER_INAUGURACIO_PISTA_2017c-204x300.jpg 204w, https:\/\/bisbalpenedes.com\/web\/wp-content\/uploads\/2017\/05\/POSTER_INAUGURACIO_PISTA_2017c-600x882.jpg 600w, https:\/\/bisbalpenedes.com\/web\/wp-content\/uploads\/2017\/05\/POSTER_INAUGURACIO_PISTA_2017c-696x1024.jpg 696w, https:\/\/bisbalpenedes.com\/web\/wp-content\/uploads\/2017\/05\/POSTER_INAUGURACIO_PISTA_2017c.jpg 1275w\" sizes=\"(max-width: 204px) 100vw, 204px\" \/><\/a><\/p>\n<p>Amb motiu de la inauguraci\u00f3 de la nova pista de futbol de La Bisbal del Pened\u00e8s la Regidoria d\u2019Esports ha organitzat un torneig adre\u00e7at a jugadors i jugadores de les categories benjam\u00ed i alev\u00ed (nascuts\/nascudes entre els anys 2005 i 2008). Els equips podran tenir un m\u00ednim de 5 persones i un m\u00e0xim de 8. El torneig es dur\u00e0 a terme el dissabte 20 de maig a partir de les 16h. La data m\u00e0xima d\u2019inscripci\u00f3 \u00e9s el 15 de maig. Per a inscripcions us podeu adre\u00e7ar al tel\u00e8fon 628690069 (Joel)<\/p>\n<p>La construcci\u00f3 d\u2019aquest espai s\u2019ha fet amb la intenci\u00f3 de crear un lloc on els nens i els joves del poble puguin jugar lliurement a futbol, ja que la pista sempre est\u00e0 oberta. Darrerament tamb\u00e9 s\u2019hi ha constru\u00eft unes grades de formig\u00f3 per fer m\u00e9s confortable l\u2019espai per als espectadors.<\/p>\n","protected":false},"excerpt":{"rendered":"<p>Amb motiu de la inauguraci\u00f3 de la nova pista de futbol de La Bisbal del Pened\u00e8s la Regidoria d\u2019Esports ha organitzat un torneig adre\u00e7at a jugadors i jugadores de les &hellip; <a href=\"https:\/\/bisbalpenedes.com\/web\/2017\/05\/10\/el-proper-dissabte-20-de-maig-es-dura-a-terme-un-torneig-de-futbol-a-la-nova-pista-de-futbol-de-la-bisbal\/\" class=\"more-link\">Read More<\/a><\/p>\n","protected":false},"author":4,"featured_media":2377,"comment_status":"closed","ping_status":"closed","sticky":false,"template":"","format":"standard","meta":[],"categories":[19],"tags":[370,371,368,367,369,366],"_links":{"self":[{"href":"https:\/\/bisbalpenedes.com\/web\/wp-json\/wp\/v2\/posts\/2376"}],"collection":[{"href":"https:\/\/bisbalpenedes.com\/web\/wp-json\/wp\/v2\/posts"}],"about":[{"href":"https:\/\/bisbalpenedes.com\/web\/wp-json\/wp\/v2\/types\/post"}],"author":[{"embeddable":true,"href":"https:\/\/bisbalpenedes.com\/web\/wp-json\/wp\/v2\/users\/4"}],"replies":[{"embeddable":true,"href":"https:\/\/bisbalpenedes.com\/web\/wp-json\/wp\/v2\/comments?post=2376"}],"version-history":[{"count":3,"href":"https:\/\/bisbalpenedes.com\/web\/wp-json\/wp\/v2\/posts\/2376\/revisions"}],"predecessor-version":[{"id":2379,"href":"https:\/\/bisbalpenedes.com\/web\/wp-json\/wp\/v2\/posts\/2376\/revisions\/2379"}],"wp:featuredmedia":[{"embeddable":true,"href":"https:\/\/bisbalpenedes.com\/web\/wp-json\/wp\/v2\/media\/2377"}],"wp:attachment":[{"href":"https:\/\/bisbalpenedes.com\/web\/wp-json\/wp\/v2\/media?parent=2376"}],"wp:term":[{"taxonomy":"category","embeddable":true,"href":"https:\/\/bisbalpenedes.com\/web\/wp-json\/wp\/v2\/categories?post=2376"},{"taxonomy":"post_tag","embeddable":true,"href":"https:\/\/bisbalpenedes.com\/web\/wp-json\/wp\/v2\/tags?post=2376"}],"curies":[{"name":"wp","href":"https:\/\/api.w.org\/{rel}","templated":true}]}}