{"id":23754,"date":"2022-11-03T21:14:12","date_gmt":"2022-11-03T19:14:12","guid":{"rendered":"https:\/\/bisbalpenedes.com\/web\/?p=23754"},"modified":"2022-11-03T21:14:12","modified_gmt":"2022-11-03T19:14:12","slug":"properament-sactivaran-els-dos-punts-de-recarrega-de-vehicles-electrics-i-vehicles-hibrids-endollables-installats-a-la-placa-de-lera-de-batre-el-ple-ha-aprovat-inicialment-el-reglament-de-funcio","status":"publish","type":"post","link":"https:\/\/bisbalpenedes.com\/web\/2022\/11\/03\/properament-sactivaran-els-dos-punts-de-recarrega-de-vehicles-electrics-i-vehicles-hibrids-endollables-installats-a-la-placa-de-lera-de-batre-el-ple-ha-aprovat-inicialment-el-reglament-de-funcio\/","title":{"rendered":"Properament s&#8217;activaran els dos punts de rec\u00e0rrega de vehicles el\u00e8ctrics i vehicles h\u00edbrids endollables instal\u00b7lats a la pla\u00e7a de l&#8217;Era de Batre &#8211; El Ple ha aprovat inicialment el reglament de funcionament del servei de rec\u00e0rrega"},"content":{"rendered":"\n<p>L&#8217;Ajuntament de la Bisbal del Pened\u00e8s est\u00e0 treballant per activar els dos punts de rec\u00e0rrega de vehicles el\u00e8ctrics i vehicles h\u00edbrids endollables que ha instal\u00b7lat a la pla\u00e7a de l&#8217;Era de Batre. Per aix\u00f2, el <a href=\"https:\/\/bisbalpenedes.com\/web\/2022\/11\/02\/el-passat-dilluns-31-doctubre-es-va-celebrar-un-ple-extraordinari-a-lajuntament-de-la-bisbal-del-penedes\/\" target=\"_blank\" rel=\"noreferrer noopener\">Ple extraordinari d&#8217;aquest dilluns 31 d&#8217;octubre<\/a> ha aprovat inicialment el reglament de funcionament del servei de rec\u00e0rrega de vehicles el\u00e8ctrics i vehicles h\u00edbrids endollables. Quan aquest estigui aprovat definitivament i la companyia el\u00e8ctrica hagi instal\u00b7lat el comptador corresponent, ja es podr\u00e0 posar en marxa.<\/p>\n\n\n\n<p>El punt de rec\u00e0rrega per a vehicles va ser la proposta guanyadora dels Pressupostos Participatius 2021 del nucli urb\u00e0. Com que al municipi no existia aquest servei, al gener, l&#8217;Ajuntament va iniciar una consulta p\u00fablica per al funcionament d&#8217;aquest punt de rec\u00e0rrega -que estableix els drets i deures dels usuaris- i, posteriorment, es va instal\u00b7lar a l&#8217;Era de Batre, on s&#8217;han reservat dues places per a la rec\u00e0rrega de vehicles.<\/p>\n\n\n\n<p>L&#8217;alcaldessa de la Bisbal del Pened\u00e8s, Agn\u00e8s Ferr\u00e9, ha explicat que <em>&#8220;aquest \u00e9s un pas m\u00e9s per aconseguir reduir les emissions de CO<\/em><em>\u2082<\/em><em> <\/em><em>al municipi i esperem que se&#8217;n faci un bon \u00fas i que, cada vegada m\u00e9s ve\u00efns, se&#8217;n puguin beneficiar. A m\u00e9s, tamb\u00e9 hem aprovat bonificacions d&#8217;un 50% de la quota de l&#8217;Impost de Circulaci\u00f3 per als vehicles el\u00e8ctrics o h\u00edbrids amb l&#8217;objectiu d&#8217;impulsar l&#8217;energia verda i reduir la contaminaci\u00f3&#8221;.<\/em><\/p>\n\n\n\n<p>El novembre de 2017, l&#8217;Ajuntament de la Bisbal del Pened\u00e8s es va adherir al &#8220;Pacte d&#8217;alcaldes\/esses pel Clima i l&#8217;Energia&#8221; de la Uni\u00f3 Europea. Aquest pacte es fonamenta en el comprom\u00eds dels municipis adherits per aconseguir els objectius comunitaris de reducci\u00f3 de les emissions de CO\u2082, aix\u00ed com de millorar la preparaci\u00f3 per respondre als efectes del canvi clim\u00e0tic. Les quatre l\u00ednies estrat\u00e8giques de la finalitat principal del PAESC s\u00f3n: efici\u00e8ncia energ\u00e8tica, energies renovables, mobilitat i residus. Posteriorment, el juny de 2021, es va aprovar el Pla d&#8217;Acci\u00f3 per l&#8217;Energia Sostenible i el Clima (PAESC) i,\u00a0 en el marc de les accions a realitzar fins al 2030, es troben les mesures vinculades al transport, tant del municipi com privat, que representen un 53% d&#8217;estalvi en les emissions.<\/p>\n\n\n\n<hr class=\"wp-block-separator has-alpha-channel-opacity\"\/>\n\n\n\n<p><strong>CASTELLANO |<\/strong> El Ayuntamiento de la Bisbal del Pened\u00e8s est\u00e1 trabajando para activar los dos puntos de recarga de veh\u00edculos el\u00e9ctricos y veh\u00edculos h\u00edbridos enchufables que ha instalado en la plaza de la Era de Batre. Por este motivo, el <a href=\"https:\/\/bisbalpenedes.com\/web\/2022\/11\/02\/el-passat-dilluns-31-doctubre-es-va-celebrar-un-ple-extraordinari-a-lajuntament-de-la-bisbal-del-penedes\/\" target=\"_blank\" rel=\"noreferrer noopener\">Pleno extraordinario de este lunes 31 de octubre<\/a> ha aprobado inicialmente el reglamento de funcionamiento del servicio de recarga de veh\u00edculos el\u00e9ctricos y veh\u00edculos h\u00edbridos enchufables. Cuando este est\u00e9 aprobado definitivamente y la compa\u00f1\u00eda el\u00e9ctrica haya instalado el contador correspondiente, ya se podr\u00e1 poner en marcha.<\/p>\n\n\n\n<p>El punto de recarga para veh\u00edculos fue la propuesta ganadora de los Presupuestos Participativos 2021 del casco urbano. Como que en el municipio no exist\u00eda este servicio, en enero, el Ayuntamiento inici\u00f3 una consulta p\u00fablica para el funcionamiento de este punto de recarga -que establece los derechos y deberes de los usuarios- y, posteriormente, se instal\u00f3 en la Era de Batre donde se han reservado dos plazas para la recarga de veh\u00edculos.<\/p>\n\n\n\n<p>La alcaldesa de la Bisbal del Pened\u00e8s, Agn\u00e8s Ferr\u00e9, ha explicado que <em>&#8220;este es un paso m\u00e1s para conseguir reducir las emisiones de CO<\/em><em>\u2082<\/em><em> en el municipio y esperamos que se haga un buen uso y que, cada vez m\u00e1s vecinos, se puedan beneficiar de estos puntos de recarga. Adem\u00e1s, tambi\u00e9n hemos aprobado bonificaciones de un 50% de la cuota del Impuesto de Circulaci\u00f3n para los veh\u00edculos el\u00e9ctricos o h\u00edbridos con el objetivo de impulsar la energ\u00eda verde y reducir la contaminaci\u00f3n&#8221;.<\/em><\/p>\n\n\n\n<p>El noviembre de 2017, el Ayuntamiento de la Bisbal del Pened\u00e8s se adhiri\u00f3 al &#8220;Pacto de alcaldes\/eses por el Clima y la Energ\u00eda&#8221; de la Uni\u00f3n Europea. Este pacto se fundamenta en el compromiso de los municipios adheridos para conseguir los objetivos comunitarios de reducci\u00f3n de las emisiones de CO\u2082, as\u00ed como de mejorar la preparaci\u00f3n para responder a los efectos del cambio clim\u00e1tico. Las cuatro l\u00edneas estrat\u00e9gicas de la finalidad principal del PAESC son: eficiencia energ\u00e9tica, energ\u00edas renovables, movilidad y residuos. Posteriormente, en junio de 2021, se aprob\u00f3 el Plan de Acci\u00f3n por la Energ\u00eda Sostenible y el Clima (PAESC) y, en el marco de las acciones a realizar hasta el 2030, se encuentran las medidas vinculadas en el transporte, tanto del municipio como privado, que representan un 53% de ahorro en las emisiones.<\/p>\n","protected":false},"excerpt":{"rendered":"<p>L&#8217;Ajuntament de la Bisbal del Pened\u00e8s est\u00e0 treballant per activar els dos punts de rec\u00e0rrega de vehicles el\u00e8ctrics i vehicles h\u00edbrids endollables que ha instal\u00b7lat a la pla\u00e7a de l&#8217;Era &hellip; <a href=\"https:\/\/bisbalpenedes.com\/web\/2022\/11\/03\/properament-sactivaran-els-dos-punts-de-recarrega-de-vehicles-electrics-i-vehicles-hibrids-endollables-installats-a-la-placa-de-lera-de-batre-el-ple-ha-aprovat-inicialment-el-reglament-de-funcio\/\" class=\"more-link\">Read More<\/a><\/p>\n","protected":false},"author":4,"featured_media":23756,"comment_status":"closed","ping_status":"closed","sticky":false,"template":"","format":"standard","meta":[],"categories":[32,8],"tags":[459,393,790,1374,1048,980,5371,5369,5566],"_links":{"self":[{"href":"https:\/\/bisbalpenedes.com\/web\/wp-json\/wp\/v2\/posts\/23754"}],"collection":[{"href":"https:\/\/bisbalpenedes.com\/web\/wp-json\/wp\/v2\/posts"}],"about":[{"href":"https:\/\/bisbalpenedes.com\/web\/wp-json\/wp\/v2\/types\/post"}],"author":[{"embeddable":true,"href":"https:\/\/bisbalpenedes.com\/web\/wp-json\/wp\/v2\/users\/4"}],"replies":[{"embeddable":true,"href":"https:\/\/bisbalpenedes.com\/web\/wp-json\/wp\/v2\/comments?post=23754"}],"version-history":[{"count":1,"href":"https:\/\/bisbalpenedes.com\/web\/wp-json\/wp\/v2\/posts\/23754\/revisions"}],"predecessor-version":[{"id":23757,"href":"https:\/\/bisbalpenedes.com\/web\/wp-json\/wp\/v2\/posts\/23754\/revisions\/23757"}],"wp:featuredmedia":[{"embeddable":true,"href":"https:\/\/bisbalpenedes.com\/web\/wp-json\/wp\/v2\/media\/23756"}],"wp:attachment":[{"href":"https:\/\/bisbalpenedes.com\/web\/wp-json\/wp\/v2\/media?parent=23754"}],"wp:term":[{"taxonomy":"category","embeddable":true,"href":"https:\/\/bisbalpenedes.com\/web\/wp-json\/wp\/v2\/categories?post=23754"},{"taxonomy":"post_tag","embeddable":true,"href":"https:\/\/bisbalpenedes.com\/web\/wp-json\/wp\/v2\/tags?post=23754"}],"curies":[{"name":"wp","href":"https:\/\/api.w.org\/{rel}","templated":true}]}}