{"id":23747,"date":"2022-11-03T14:09:13","date_gmt":"2022-11-03T12:09:13","guid":{"rendered":"https:\/\/bisbalpenedes.com\/web\/?p=23747"},"modified":"2022-11-03T14:09:13","modified_gmt":"2022-11-03T12:09:13","slug":"aquest-dissabte-5-de-novembre-a-les-11h-podreu-gaudir-de-lespectacle-al-safareig-a-la-bisbal-del-penedes-inici-a-la-placa-de-lesglesia","status":"publish","type":"post","link":"https:\/\/bisbalpenedes.com\/web\/2022\/11\/03\/aquest-dissabte-5-de-novembre-a-les-11h-podreu-gaudir-de-lespectacle-al-safareig-a-la-bisbal-del-penedes-inici-a-la-placa-de-lesglesia\/","title":{"rendered":"Aquest dissabte 5 de novembre a les 11h podreu gaudir de l&#8217;espectacle &#8216;Al safareig&#8217; a la Bisbal del Pened\u00e8s (inici a la pla\u00e7a de l&#8217;Esgl\u00e9sia)"},"content":{"rendered":"\n<figure class=\"wp-block-embed is-type-video is-provider-youtube wp-block-embed-youtube wp-embed-aspect-16-9 wp-has-aspect-ratio\"><div class=\"wp-block-embed__wrapper\">\n<iframe loading=\"lazy\" title=\"AL SAFAREIG\" width=\"1170\" height=\"658\" src=\"https:\/\/www.youtube.com\/embed\/fEq3fhYBNak?feature=oembed\" frameborder=\"0\" allow=\"accelerometer; autoplay; clipboard-write; encrypted-media; gyroscope; picture-in-picture\" allowfullscreen><\/iframe>\n<\/div><\/figure>\n\n\n\n<p>Aquest dissabte, a les 11h, arriba aquesta interessant i engrescadora proposta, per a petits i grans, a la Bisbal del Pened\u00e8s: &#8216;Al Safareig&#8217;.<\/p>\n\n\n\n<p><em>&#8220;Es tracta d&#8217;un espectacle de carrer que vol tornar a donar vida als rentadors p\u00fablics i veu a les dones que en feien \u00fas. Un espectacle per homenatjar les nostres \u00e0vies, aquelles que ens van criar i aquelles que van obrir cam\u00ed a la resta de dones, un reconeixement on elles s\u00f3n les protagonistes i on com a p\u00fablic gaudiran de les can\u00e7ons, expressions i hist\u00f2ries que van viure&#8221;.<\/em><\/p>\n\n\n\n<p>&#8216;Al safareig&#8217; \u00e9s un espectacle de teatre i m\u00fasica en directe que compta amb la participaci\u00f3 de:<\/p>\n\n\n\n<ul><li>Les actrius Patricia de Haro i Eva Vives<\/li><li>L&#8217;actor Pau Nogu\u00e9s<\/li><li>Els m\u00fasics Gerard Torres i Sergi Clofent<\/li><\/ul>\n\n\n\n<hr class=\"wp-block-separator has-alpha-channel-opacity\"\/>\n\n\n\n<p><strong>CASTELLANO |&nbsp;<\/strong>Este s\u00e1bado, a las 11h, llega esta interesante y atractiva propuesta, para peque\u00f1os y mayores, a la Bisbal del Pened\u00e8s: &#8216;Al Safareig&#8217; (en el lavadero).<\/p>\n\n\n\n<p><em>&#8220;Se trata de un espect\u00e1culo de calle que quiere dar vida de nuevo a los lavaderos p\u00fablicos y voz a las mujeres que los usaban. Un espect\u00e1culo para homenajear a nuestras abuelas, a aquellas que nos criaron y a aquellas que abrieron camino al resto de mujeres, un reconocimiento en el que ellas son las protagonistas y como p\u00fablico disfrutar\u00e1n de las canciones y expresiones e historias que vivieron&#8221;.<\/em><\/p>\n\n\n\n<p>&#8216;Al safareig&#8217; es un espect\u00e1culo de teatro y m\u00fasica en directo que cuenta con la participaci\u00f3n de:<\/p>\n\n\n\n<ul><li>Las actrices Patricia de Haro y Eva Vives<\/li><li>El actor Pau Nogu\u00e9s<\/li><li>Los m\u00fasicos Gerard Torres y Sergi Clofent<\/li><\/ul>\n","protected":false},"excerpt":{"rendered":"<p>Aquest dissabte, a les 11h, arriba aquesta interessant i engrescadora proposta, per a petits i grans, a la Bisbal del Pened\u00e8s: &#8216;Al Safareig&#8217;. &#8220;Es tracta d&#8217;un espectacle de carrer que &hellip; <a href=\"https:\/\/bisbalpenedes.com\/web\/2022\/11\/03\/aquest-dissabte-5-de-novembre-a-les-11h-podreu-gaudir-de-lespectacle-al-safareig-a-la-bisbal-del-penedes-inici-a-la-placa-de-lesglesia\/\" class=\"more-link\">Read More<\/a><\/p>\n","protected":false},"author":4,"featured_media":23748,"comment_status":"closed","ping_status":"closed","sticky":false,"template":"","format":"standard","meta":[],"categories":[2942],"tags":[1198,5569,459,3334,225,1634,393,72,990,285,229],"_links":{"self":[{"href":"https:\/\/bisbalpenedes.com\/web\/wp-json\/wp\/v2\/posts\/23747"}],"collection":[{"href":"https:\/\/bisbalpenedes.com\/web\/wp-json\/wp\/v2\/posts"}],"about":[{"href":"https:\/\/bisbalpenedes.com\/web\/wp-json\/wp\/v2\/types\/post"}],"author":[{"embeddable":true,"href":"https:\/\/bisbalpenedes.com\/web\/wp-json\/wp\/v2\/users\/4"}],"replies":[{"embeddable":true,"href":"https:\/\/bisbalpenedes.com\/web\/wp-json\/wp\/v2\/comments?post=23747"}],"version-history":[{"count":1,"href":"https:\/\/bisbalpenedes.com\/web\/wp-json\/wp\/v2\/posts\/23747\/revisions"}],"predecessor-version":[{"id":23749,"href":"https:\/\/bisbalpenedes.com\/web\/wp-json\/wp\/v2\/posts\/23747\/revisions\/23749"}],"wp:featuredmedia":[{"embeddable":true,"href":"https:\/\/bisbalpenedes.com\/web\/wp-json\/wp\/v2\/media\/23748"}],"wp:attachment":[{"href":"https:\/\/bisbalpenedes.com\/web\/wp-json\/wp\/v2\/media?parent=23747"}],"wp:term":[{"taxonomy":"category","embeddable":true,"href":"https:\/\/bisbalpenedes.com\/web\/wp-json\/wp\/v2\/categories?post=23747"},{"taxonomy":"post_tag","embeddable":true,"href":"https:\/\/bisbalpenedes.com\/web\/wp-json\/wp\/v2\/tags?post=23747"}],"curies":[{"name":"wp","href":"https:\/\/api.w.org\/{rel}","templated":true}]}}