{"id":23742,"date":"2022-11-02T20:42:35","date_gmt":"2022-11-02T18:42:35","guid":{"rendered":"https:\/\/bisbalpenedes.com\/web\/?p=23742"},"modified":"2022-11-02T20:45:17","modified_gmt":"2022-11-02T18:45:17","slug":"el-passat-dilluns-31-doctubre-es-va-celebrar-un-ple-extraordinari-a-lajuntament-de-la-bisbal-del-penedes","status":"publish","type":"post","link":"https:\/\/bisbalpenedes.com\/web\/2022\/11\/02\/el-passat-dilluns-31-doctubre-es-va-celebrar-un-ple-extraordinari-a-lajuntament-de-la-bisbal-del-penedes\/","title":{"rendered":"El passat dilluns 31 d&#8217;octubre es va celebrar un Ple extraordinari a l&#8217;Ajuntament de la Bisbal del Pened\u00e8s"},"content":{"rendered":"\n<figure class=\"wp-block-embed is-type-video is-provider-youtube wp-block-embed-youtube wp-embed-aspect-16-9 wp-has-aspect-ratio\"><div class=\"wp-block-embed__wrapper\">\n<iframe loading=\"lazy\" title=\"Ajuntament de la Bisbal del Pened\u00e8s. Ple extraordinari de 31 d&#039;octubre de 2022\" width=\"1170\" height=\"658\" src=\"https:\/\/www.youtube.com\/embed\/5PmTDjk1QcQ?feature=oembed\" frameborder=\"0\" allow=\"accelerometer; autoplay; clipboard-write; encrypted-media; gyroscope; picture-in-picture\" allowfullscreen><\/iframe>\n<\/div><\/figure>\n\n\n\n<p>El passat dilluns 31 d&#8217;octubre es va celebrar un Ple extraordinari a l&#8217;Ajuntament de la Bisbal del Pened\u00e8s. No hi van assistir les regidores Maguy Antol\u00edn (Ara la Bisbal) i S\u00edlvia Monfort (ERC-AM).<strong><\/strong><\/p>\n\n\n\n<p>S&#8217;hi van tractar els seg\u00fcents punts:<\/p>\n\n\n\n<p><strong>Punt 1. Conveni amb l&#8217;Ajuntament de Sant Jaume dels Domenys per la recollida de residus porta a porta al Papagai<\/strong><\/p>\n\n\n\n<p>El Ple va aprovar el conveni amb els vots a favor de Comprom\u00eds amb la Bisbal (6) i el PSC (2) i l&#8217;Abstenci\u00f3 d&#8217;Units per la Bisbal-FIC (1).<\/p>\n\n\n\n<p>Es va aprovar el conveni per al servei que s&#8217;iniciava el dia 1 de novembre. L&#8217;Ajuntament de Sant Jaume dels Domenys ja ha anat informant els ve\u00efns del Papagai sobre el nou servei durant les darreres setmanes. Es tracta d&#8217;un conveni per unificar el servei de recollida de residus urbans a tota la urbanitzaci\u00f3 del Papagai que, segons ha explicat el regidor de Residus, F\u00e8lix Villaz\u00e1n, <em>&#8220;\u00e9s un conveni que s&#8217;aprova en virtut de l&#8217;inter\u00e8s p\u00fablic que servir\u00e0 per unificar el servei de recollida de residus urbans a tota la urbanitzaci\u00f3 del Papagai, cosa que, a m\u00e9s, permetr\u00e0 millorar l&#8217;efic\u00e0cia del servei&#8221;.<\/em> Villaz\u00e1n ha afegit que <em>&#8220;a la Bisbal del Pened\u00e8s, en l&#8217;actualitat, treballem amb el servei comarcal de recollida de residus a trav\u00e9s d&#8217;Eco BP i, des del Consell Comarcal, s&#8217;est\u00e0 preparant un nou servei comarcal que inclour\u00e0 el servei de recollida de residus porta a porta a la Bisbal&#8221;.<\/em><\/p>\n\n\n\n<p>El punt aprovat inclo\u00efa:<\/p>\n\n\n\n<p>-Recuperar la compet\u00e8ncia delegada al Consell Comarcal del Baix Pened\u00e8s en l&#8217;\u00e0mbit de tractament i eliminaci\u00f3 de residus s\u00f2lids urbans del Papagai.<\/p>\n\n\n\n<p>-Encomanar a l&#8217;Ajuntament de Sant Jaume la recollida de residus s\u00f2lids urbans a la part de la urbanitzaci\u00f3 del Papagai que pertany al terme de la Bisbal del Pened\u00e8s.<\/p>\n\n\n\n<p>-Aprovar el conveni de col\u00b7laboraci\u00f3 entre ambd\u00f3s ajuntaments per a la formalitzaci\u00f3 de l&#8217;enc\u00e0rrec de la gesti\u00f3 del servei de recollida de residus s\u00f2lids urbans a la urbanitzaci\u00f3 del Papagai pertanyent al terme municipal de la Bisbal.<\/p>\n\n\n\n<p>El conveni inclou:<\/p>\n\n\n\n<p>-La recollida porta a porta de les fraccions FORM, rebuig, paper, cartr\u00f3, envasos, bolquers i restes de poda de mida petita que c\u00e0piguen al cubell de la FORM tancat.<\/p>\n\n\n\n<p>-La recollida de residus a les plantes de tractament (la selecci\u00f3 de les plantes de tractament \u00e9s compet\u00e8ncia de l&#8217;Ajuntament de Sant Jaume dels Domenys).<\/p>\n\n\n\n<p>-Subministrament de cubells: un cubell reixat per la FORM i un cubell multi fracci\u00f3 (ho fa l&#8217;Ajuntament de Sant Jaume dels Domenys).<\/p>\n\n\n\n<p>-\u00das de la zona d&#8217;emerg\u00e8ncia del Papagai.<\/p>\n\n\n\n<p>No obstant aix\u00f2, des de l&#8217;Ajuntament de la Bisbal del Pened\u00e8s es continuaran oferint els serveis de recollida porta a porta de voluminosos i poda i els ve\u00efns de la Bisbal del Pened\u00e8s podran continuar fent \u00fas del Punt Verd. Els bisbalencs i bisbalenques del Papagai continuaran pagant el mateix import en concepte de taxa d&#8217;escombraries que fins ara.<\/p>\n\n\n\n<p>El cost de servei de recollida de la part del Papagai que forma part de la Bisbal del Pened\u00e8s ser\u00e0 de 7.277,13\u20ac (IVA incl\u00f2s) per als mesos de novembre i desembre de 2022 i de 29.108,52\u20ac (IVA incl\u00f2s) cada anualitat.<\/p>\n\n\n\n<p><strong>Punt 2: Modificaci\u00f3 de cr\u00e8dit per inversions i despeses corrents<\/strong><\/p>\n\n\n\n<p>Es va aprovar amb els vots a favor de Comprom\u00eds amb la Bisbal (6) i el PSC (2) i l&#8217;abstenci\u00f3 d&#8217;Units per la Bisbal-FIC (1).<\/p>\n\n\n\n<p>S&#8217;ha aprovat una modificaci\u00f3 de cr\u00e8dit de 118.503,61\u20ac per a inversi\u00f3 i despeses generals per destinar-la a:<\/p>\n\n\n\n<p>-Dur a terme un estudi i activaci\u00f3 dels locals comercials buits del municipi. S&#8217;incrementa la partida destinada al conveni 2022 de la Cambra de Comer\u00e7 en 4.500\u20ac.<\/p>\n\n\n\n<p>-Per a la poda d&#8217;arbrat al nucli i la neteja dels talussos dels carrers C\u00f3rdoba, Almer\u00eda i Huelva del Priorat. El servei de poda s&#8217;ha de licitar el 2023 per\u00f2, per a aquest 2022, es far\u00e0 un contracte menor per netejar els talussos d&#8217;aquests carrers del Priorat. L&#8217;import que s&#8217;hi destinar\u00e0 es de 28.956,26\u20ac.<\/p>\n\n\n\n<p>-Millores a la xarxa d&#8217;aigua. S&#8217;afegeixen 50.000\u20ac a la partida per al projecte de millora de les xarxes d&#8217;aigua d&#8217;una part del Priorat i d&#8217;una part de Can Gordei. S&#8217;incorporen 50.000\u20ac a la partida de millora de la xarxa d&#8217;aigua (que comptava amb una previsi\u00f3 de 583.823,76\u20ac amb IVA incl\u00f2s) per licitar les obres de renovaci\u00f3 parcial de la xarxa d&#8217;aigua del Priorat, que tenen un cost total de 328.959,11\u20ac. Es licitaran les obres per:<\/p>\n\n\n\n<ul><li>Canviar i soterrar 437 metres de tubs als carrers Zamora, Cuenca, Teruel, C\u00f3rdoba i la Coru\u00f1a<\/li><li>Canviar les v\u00e0lvules reguladores al carrer Huesca i a la intersecci\u00f3 del carrer Huesca amb l&#8217;avinguda del Priorat<\/li><li>Fer les unions a la xarxa de l&#8217;avinguda del Priorat, en els punts on la canonada no t\u00e9 continu\u00eftat (Soria, Guadalajara, Cuenca, Zamora, San Sebasti\u00e1n, Burgos i Badajoz), per evitar punts cecs d&#8217;acumulaci\u00f3 de brut\u00edcia i millorar les pressions a la xarxa.<\/li><\/ul>\n\n\n\n<p>-Despeses generals per a diferents partides des d&#8217;ara fins a final d&#8217;any per un import de 35.047,35\u20ac.<\/p>\n\n\n\n<p>Val a dir que la inversi\u00f3 a la xarxa d&#8217;aigua de Can Gordei \u00e9s de 254.865,65\u20ac i es far\u00e0 abans de l&#8217;estiu, amb c\u00e0rrec al romanent de tresoreria d&#8217;enguany.<\/p>\n\n\n\n<p>Aquesta modificaci\u00f3 ha estat publicada al <a href=\"https:\/\/www.diputaciodetarragona.cat\/ebop\/index.php?op=anunci&amp;id=9885&amp;ebop_any=2022\">BOPT<\/a> aquest dimecres 2 de novembre i estar\u00e0 en exposici\u00f3 p\u00fablica fins al 23 de novembre.<\/p>\n\n\n\n<p><strong>Punt 3. Modificaci\u00f3 de l&#8217;ordenan\u00e7a per la bonificaci\u00f3 a l&#8217;impost de vehicles pels vehicles el\u00e8ctrics i els vehicles h\u00edbrids&nbsp;<\/strong><\/p>\n\n\n\n<p>Es va aprovar amb els vots a favor de Comprom\u00eds amb la Bisbal (6), &nbsp;el PSC (2) i Units per la Bisbal-FIC (1).<\/p>\n\n\n\n<p>S&#8217;aprova modificar l&#8217;ordenan\u00e7a de l&#8217;Impost de Vehicles de Tracci\u00f3 Mec\u00e0nica per als vehicles el\u00e8ctrics i h\u00edbrids amb l&#8217;adhesi\u00f3 al text \u00edntegre aprovat per BASE-Gesti\u00f3 d&#8217;Ingressos de la Diputaci\u00f3 de Tarragona i afegint-hi la bonificaci\u00f3 del 50% de la quota de l&#8217;Impost de Circulaci\u00f3 per als vehicles el\u00e8ctrics o h\u00edbrids. L&#8217;objectiu d&#8217;aquesta modificaci\u00f3 \u00e9s impulsar l&#8217;energia verda i reduir la contaminaci\u00f3.<\/p>\n\n\n\n<p>Amb les dades de qu\u00e8 es disposa al padr\u00f3 de vehicles del municipi, en l&#8217;actualitat consten 53 vehicles inscrits amb les caracter\u00edstiques necess\u00e0ries per rebre la bonificaci\u00f3: 8 vehicles s\u00f3n el\u00e8ctrics i 45 h\u00edbrids.<\/p>\n\n\n\n<p>Els vehicles que podran demanar la bonificaci\u00f3 s\u00f3n aquells que:<\/p>\n\n\n\n<p>-Consumeixen algun dels combustibles seg\u00fcents: GLP, flexifuel, GNL o GNC<\/p>\n\n\n\n<p>-Disposen de motors amb les caracter\u00edstiques seg\u00fcents: motor el\u00e8ctric o motor h\u00edbrid (gasolina\/el\u00e8ctric o di\u00e8sel\/el\u00e8ctric).<\/p>\n\n\n\n<p>Una vegada aprovada definitivament, ser\u00e0 d&#8217;aplicaci\u00f3 per al 2023. Els interessats a sol\u00b7licitar la bonificaci\u00f3 caldr\u00e0 que s&#8217;adrecin a l&#8217;Ajuntament de la Bisbal del Pened\u00e8s aportant el Perm\u00eds de circulaci\u00f3 i la Targeta d&#8217;inspecci\u00f3 t\u00e8cnica on consti que el vehicle compleix les caracter\u00edstiques necess\u00e0ries per a beneficiar-se de la bonificaci\u00f3.<\/p>\n\n\n\n<p>Aquesta modificaci\u00f3 ha estat publicada al <a href=\"https:\/\/www.diputaciodetarragona.cat\/ebop\/index.php?op=anunci&amp;id=9886&amp;ebop_any=2022\">BOPT<\/a> aquest dimecres 2 de novembre i estar\u00e0 en exposici\u00f3 p\u00fablica fins al 16 de desembre.<\/p>\n\n\n\n<p><strong>Punt 4. Aprovaci\u00f3 inicial del reglament de funcionament del servei de rec\u00e0rrega de vehicles el\u00e8ctrics i vehicles h\u00edbrids endollables<\/strong><\/p>\n\n\n\n<p>Es va aprovar amb els vots a favor de Comprom\u00eds amb la Bisbal (6) i el PSC (2) i l&#8217;abstenci\u00f3 d&#8217;Units per la Bisbal-FIC (1).<\/p>\n\n\n\n<p>S&#8217;aprova iniciar el reglament que estableix el funcionament de dos punts de rec\u00e0rrega per a vehicles, que estableixi el seu funcionament i els drets i deures dels usuaris.<\/p>\n\n\n\n<p>El punt de rec\u00e0rrega per a vehicles va ser la proposta guanyadora dels Pressupostos Participatius 2021 i, durant les properes setmanes, estar\u00e0 en funcionament de forma gratu\u00efta per als usuaris. Al gener es va iniciar una consulta p\u00fablica per al funcionament d&#8217;aquest punt de rec\u00e0rrega i ara s&#8217;ha aprovat inicialment el reglament de funcionament del servei de rec\u00e0rrega per a vehicles el\u00e8ctrics i vehicles h\u00edbrids endollables.<\/p>\n\n\n\n<p>Val a dir que, el novembre de 2017, l&#8217;Ajuntament de la Bisbal del Pened\u00e8s es va adherir al &#8220;Pacte d&#8217;alcaldes\/esses pel Clima i l&#8217;Energia&#8221; de la Uni\u00f3 Europea. Aquest pacte es fonamenta en el comprom\u00eds dels municipis adherits per aconseguir els objectius comunitaris de reducci\u00f3 de les emissions de CO\u2082, aix\u00ed com de millorar la preparaci\u00f3 per respondre als efectes del canvi clim\u00e0tic. Les quatre l\u00ednies estrat\u00e8giques de la finalitat principal del PAESC s\u00f3n: efici\u00e8ncia energ\u00e8tica, energies renovables, mobilitat i residus. Posteriorment, el juny de 2021, es va aprovar el Pla d&#8217;Acci\u00f3 per l&#8217;Energia Sostenible i el Clima (PAESC) i, \u00a0en el marc de les accions a realitzar fins al 2030, es troben les mesures vinculades al transport, tant del municipi com privat, que representen un 53% d&#8217;estalvi en les emissions.<\/p>\n\n\n\n<hr class=\"wp-block-separator has-alpha-channel-opacity\"\/>\n\n\n\n<p><strong>CASTELLANO |<\/strong> El pasado lunes 31 de octubre se celebr\u00f3 un Pleno extraordinario en el Ayuntamiento de la Bisbal del Pened\u00e8s. No asistieron al Pleno las concejalas Maguy Antol\u00edn (Ara la Bisbal) y S\u00edlvia Monfort (ERC-AM).<\/p>\n\n\n\n<p>Se trataron los puntos siguientes:<\/p>\n\n\n\n<p><strong>Punto 1. Convenio con el Ayuntamiento de Sant Jaume dels Domenys para la recogida de residuos puerta a puerta en el Papagai.<\/strong><\/p>\n\n\n\n<p>Se aprob\u00f3 el convenio con los votos a favor de Comprom\u00eds amb la Bisbal (6) y el PSC (2) y la Abstenci\u00f3n de Units per la Bisbal-FIC (1).<\/p>\n\n\n\n<p>Se aprob\u00f3 el convenio para el servicio que se iniciaba el d\u00eda 1 de noviembre. El Ayuntamiento de Sant Jaume dels Domenys ya ha ido informando los vecinos del Papagayo sobre el nuevo servicio durante las \u00faltimas semanas. Se trata de un convenio para unificar el servicio de recogida de residuos urbanos en toda la urbanizaci\u00f3n del Papagai que, seg\u00fan ha explicado el concejal de Residuos, F\u00e8lix Villaz\u00e1n, <em>&#8220;es un convenio que se aprueba en virtud del inter\u00e9s p\u00fablico que servir\u00e1 para unificar el servicio de recogida de residuos urbanos en toda la urbanizaci\u00f3n del Papagai, cosa que, adem\u00e1s, permitir\u00e1 mejorar la eficacia del servicio&#8221;<\/em>. Villaz\u00e1n ha a\u00f1adido que <em>&#8220;en la Bisbal del Pened\u00e8s, en la actualidad, trabajamos con el servicio comarcal de recogida de residuos a trav\u00e9s de Eco BP y, desde el Consell Comarcal, se est\u00e1 preparando un nuevo servicio comarcal que incluir\u00e1 el servicio de recogida de residuos puerta a puerta en la Bisbal&#8221;.<\/em><\/p>\n\n\n\n<p>El punto aprobado inclu\u00eda:<\/p>\n\n\n\n<p>-Recuperar la competencia delegada al Consell Comarcal del Baix Pened\u00e8s en el \u00e1mbito de tratamiento y eliminaci\u00f3n de residuos s\u00f3lidos urbanos del Papagai.<\/p>\n\n\n\n<p>-Encomendar al Ayuntamiento de Sant Jaume la recogida de residuos s\u00f3lidos urbanos de la parte de la urbanizaci\u00f3n del Papagai que pertenece al t\u00e9rmino de la Bisbal del Pened\u00e8s.<\/p>\n\n\n\n<p>-Aprobar el convenio de colaboraci\u00f3n entre ambos ayuntamientos para la formalizaci\u00f3n del encargo de la gesti\u00f3n del servicio de recogida de residuos s\u00f3lidos urbanos en la urbanizaci\u00f3n del Papagai perteneciente al t\u00e9rmino municipal de la Bisbal.<\/p>\n\n\n\n<p>El convenio incluye:<\/p>\n\n\n\n<p>-La recogida puerta a puerta de las fracciones FORM, rechazo, papel, cart\u00f3n, envases, pa\u00f1ales y restos de poda de medida peque\u00f1a que quepan al cubo de la FORM cerrado.<\/p>\n\n\n\n<p>-La recogida de residuos en las plantas de tratamiento (la selecci\u00f3n de las plantas de tratamiento es competencia del Ayuntamiento de Sant Jaume dels Domenys).<\/p>\n\n\n\n<p>-Suministro de cubos: un cubo verja para la FORM y un cubo multi fracci\u00f3n (lo hace el Ayuntamiento de Sant Jaume dels Domenys).<\/p>\n\n\n\n<p>-Uso de la zona de emergencia del Papagai.<\/p>\n\n\n\n<p>Sin embargo, desde el Ayuntamiento de la Bisbal del Pened\u00e8s se seguir\u00e1n ofreciendo los servicios de recogida puerta a puerta de voluminosos y poda y los vecinos de la Bisbal del Pened\u00e8s podr\u00e1n continuar en uso del Punto Verd. Los bisbalencs y bisbalenques del Papagai continuar\u00e1n pagando el mismo importe en concepto de tasa de basura que hasta ahora.<\/p>\n\n\n\n<p>El coste de servicio de recogida de la parte del Papagai que forma parte de la Bisbal del Pened\u00e8s ser\u00e1 de 7.277,13\u20ac (IVA incluido) para los meses de noviembre y diciembre de 2022 y de 29.108,52\u20ac (IVA incluido) cada anualidad.<\/p>\n\n\n\n<p><strong>Punto 2: Modificaci\u00f3n de cr\u00e9dito para inversiones y gastos corrientes<\/strong><\/p>\n\n\n\n<p>Se aprob\u00f3 con los votos a favor de Comprom\u00eds amb la Bisbal (6) y el PSC (2) y la abstenci\u00f3n de Units per la Bisbal-FIC (1).<\/p>\n\n\n\n<p>Se ha aprobado una modificaci\u00f3n de cr\u00e9dito de 118.503,61\u20ac para inversi\u00f3n y gastos generales para destinarla a:<\/p>\n\n\n\n<p>-Llevar a cabo un estudio y activaci\u00f3n de los locales comerciales vac\u00edos del municipio. Se incrementa la partida destinada al convenio 2022 de la C\u00e1mara de Comercio en 4.500\u20ac.<\/p>\n\n\n\n<p>-Para la poda de arbolado al n\u00facleo y la limpieza de los taludes de las calles C\u00f3rdoba, Almer\u00eda y Huelva del Priorat. El servicio de poda se tiene que licitar en el 2023, pero para este 2022 se har\u00e1 un contrato menor para limpiar los taludes de estas calles del Priorat. El importe que se destinar\u00e1 es de 28.956,26\u20ac.<\/p>\n\n\n\n<p>-Mejoras en la red de agua. Se a\u00f1aden 50.000\u20ac a la partida para el proyecto de mejora de las redes de agua de una parte del Priorat y de una parte de Can Gordei. Se incorporan 50.000\u20ac a la partida de mejora de la red de agua (que contaba con una previsi\u00f3n de 583.823,76\u20ac con IVA incluido) para licitar las obras de renovaci\u00f3n parcial de la red de agua del Priorat, que tienen un coste total de 328.959,11\u20ac. Se licitar\u00e1n las obras para:<\/p>\n\n\n\n<p>\u2022 Cambiar y soterrar 437 metros de tubos en las calles Zamora, Cuenca, Teruel, C\u00f3rdoba y la Coru\u00f1a.<\/p>\n\n\n\n<p>\u2022 Cambiar las v\u00e1lvulas reguladoras en la calle Huesca y en la intersecci\u00f3n de la calle Huesca con la avenida del Priorat.<\/p>\n\n\n\n<p>\u2022 Hacer las uniones en la red de la avenida del Priorat, en los puntos donde la ca\u00f1er\u00eda no tiene continuidad (Soria, Guadalajara, Cuenca, Zamora, San Sebasti\u00e1n, Burgos y Badajoz), para evitar puntos ciegos de acumulaci\u00f3n de suciedad y mejorar las presiones en la red.<\/p>\n\n\n\n<p>-Gastos generales para diferentes partidas desde ahora hasta final de a\u00f1o por un importe de 35.047,35\u20ac.<\/p>\n\n\n\n<p>Justo es decir que la inversi\u00f3n en la red de agua de Can Gordei es de 254.865,65\u20ac y se har\u00e1 antes del verano, con cargo al remanente de tesorer\u00eda de este a\u00f1o.<\/p>\n\n\n\n<p>Esta modificaci\u00f3n ha sido publicada al <a href=\"https:\/\/www.diputaciodetarragona.cat\/ebop\/index.php?op=anunci&amp;id=9885&amp;ebop_any=2022\">BOPT<\/a> este mi\u00e9rcoles 2 de noviembre y estar\u00e1 en exposici\u00f3n p\u00fablica hasta el 23 de noviembre.<\/p>\n\n\n\n<p><strong>Punto 3. Modificaci\u00f3n de la ordenanza para la bonificaci\u00f3n en el impuesto de veh\u00edculos para los veh\u00edculos el\u00e9ctricos y los veh\u00edculos h\u00edbridos.<\/strong><\/p>\n\n\n\n<p>Se aprob\u00f3 con los votos a favor de Comprom\u00eds amb la Bisbal (6), el PSC (2) y Units per la Bisbal-FIC (1).<\/p>\n\n\n\n<p>Se aprueba modificar la ordenanza del Impuesto de Veh\u00edculos de Tracci\u00f3n Mec\u00e1nica para los veh\u00edculos el\u00e9ctricos e h\u00edbridos, con la adhesi\u00f3n al texto \u00edntegro aprobado por BASE-Gesti\u00f3n de Ingresos de la Diputaci\u00f3n de Tarragona y a\u00f1adiendo la bonificaci\u00f3n del 50% de la cuota del Impuesto de Circulaci\u00f3n para los veh\u00edculos el\u00e9ctricos o h\u00edbridos. El objetivo de esta modificaci\u00f3n es impulsar la energ\u00eda verde y reducir la contaminaci\u00f3n.<\/p>\n\n\n\n<p>Con los datos de que se dispone al padr\u00f3n de veh\u00edculos del municipio, en la actualidad constan 53 veh\u00edculos inscritos con las caracter\u00edsticas necesarias para recibir la bonificaci\u00f3n: 8 veh\u00edculos son el\u00e9ctricos y 45 h\u00edbridos.<\/p>\n\n\n\n<p>Los veh\u00edculos que podr\u00e1n pedir la bonificaci\u00f3n son aquellos que:<\/p>\n\n\n\n<p>-Consumen alguno de los combustibles siguientes: GLP, flexifuel, GNL o GNC<\/p>\n\n\n\n<p>-Disponen de motores con las caracter\u00edsticas siguientes: motor el\u00e9ctrico o motor h\u00edbrido (gasolina\/el\u00e9ctrico o di\u00e9sel\/el\u00e9ctrico).<\/p>\n\n\n\n<p>Una vez aprobada definitivamente, ser\u00e1 de aplicaci\u00f3n para el 2023. Los interesados a solicitar la bonificaci\u00f3n har\u00e1 falta que se dirijan en el Ayuntamiento de la Bisbal del Pened\u00e8s aportando el Permiso de circulaci\u00f3n y la Tarjeta de inspecci\u00f3n t\u00e9cnica donde conste que el veh\u00edculo cumple las caracter\u00edsticas necesarias para beneficiarse de la bonificaci\u00f3n.<\/p>\n\n\n\n<p>Esta modificaci\u00f3n ha sido publicada al <a href=\"https:\/\/www.diputaciodetarragona.cat\/ebop\/index.php?op=anunci&amp;id=9886&amp;ebop_any=2022\">BOPT<\/a> este mi\u00e9rcoles 2 de noviembre y estar\u00e1 en exposici\u00f3n p\u00fablica hasta el 16 de diciembre.<\/p>\n\n\n\n<p><strong>Punto 4. Aprobaci\u00f3n inicial del reglamento de funcionamiento del servicio de recarga de veh\u00edculos el\u00e9ctricos y veh\u00edculos h\u00edbridos enchufables.<\/strong><\/p>\n\n\n\n<p>Se aprob\u00f3 con los votos a favor de Comprom\u00eds amb la Bisbal (6) y el PSC (2) y la abstenci\u00f3n de Units per la Bisbal-FIC (1).<\/p>\n\n\n\n<p>Se aprueba iniciar el reglamento que establece el funcionamiento de dos puntos de recarga para veh\u00edculos, que establezca su funcionamiento y los derechos y deberes de los usuarios.<\/p>\n\n\n\n<p>El punto de recarga para veh\u00edculos fue la propuesta ganadora de los Presupuestos Participativos 2021 y, durante las pr\u00f3ximas semanas, estar\u00e1 en funcionamiento de forma gratuita para los usuarios. En enero se inici\u00f3 una consulta p\u00fablica para el funcionamiento de este punto de recarga y ahora se ha aprobado inicialmente el reglamento de funcionamiento del servicio de recarga para veh\u00edculos el\u00e9ctricos y veh\u00edculos h\u00edbridos enchufables.<\/p>\n\n\n\n<p>Cabe decir que, en noviembre de 2017, el Ayuntamiento de la Bisbal del Pened\u00e8s se adhiri\u00f3 al Pacto &#8220;de alcaldes\/sas por el Clima y la Energ\u00eda&#8221; de la Uni\u00f3n Europea. Este pacto se fundamenta en el compromiso de los municipios adheridos para conseguir los objetivos comunitarios de reducci\u00f3n de las emisiones de CO\u2082, as\u00ed como para mejorar la preparaci\u00f3n para responder a los efectos del cambio clim\u00e1tico. Las cuatro l\u00edneas estrat\u00e9gicas de la finalidad principal del PAESC son: eficiencia energ\u00e9tica, energ\u00edas renovables, movilidad y residuos. Posteriormente, en junio de 2021, se aprob\u00f3 el Plan de Acci\u00f3n por la Energ\u00eda Sostenible y el Clima (PAESC) y, en el marco de las acciones a realizar hasta el 2030, se encuentran las medidas vinculadas en el transporte, tanto del municipio como privado, que representan un 53% de ahorro en las emisiones.<\/p>\n","protected":false},"excerpt":{"rendered":"<p>El passat dilluns 31 d&#8217;octubre es va celebrar un Ple extraordinari a l&#8217;Ajuntament de la Bisbal del Pened\u00e8s. No hi van assistir les regidores Maguy Antol\u00edn (Ara la Bisbal) i &hellip; <a href=\"https:\/\/bisbalpenedes.com\/web\/2022\/11\/02\/el-passat-dilluns-31-doctubre-es-va-celebrar-un-ple-extraordinari-a-lajuntament-de-la-bisbal-del-penedes\/\" class=\"more-link\">Read More<\/a><\/p>\n","protected":false},"author":4,"featured_media":23743,"comment_status":"closed","ping_status":"closed","sticky":false,"template":"","format":"standard","meta":[],"categories":[8,2250],"tags":[4305,5568,393,1897,24,423,1730,5567,5566],"_links":{"self":[{"href":"https:\/\/bisbalpenedes.com\/web\/wp-json\/wp\/v2\/posts\/23742"}],"collection":[{"href":"https:\/\/bisbalpenedes.com\/web\/wp-json\/wp\/v2\/posts"}],"about":[{"href":"https:\/\/bisbalpenedes.com\/web\/wp-json\/wp\/v2\/types\/post"}],"author":[{"embeddable":true,"href":"https:\/\/bisbalpenedes.com\/web\/wp-json\/wp\/v2\/users\/4"}],"replies":[{"embeddable":true,"href":"https:\/\/bisbalpenedes.com\/web\/wp-json\/wp\/v2\/comments?post=23742"}],"version-history":[{"count":2,"href":"https:\/\/bisbalpenedes.com\/web\/wp-json\/wp\/v2\/posts\/23742\/revisions"}],"predecessor-version":[{"id":23745,"href":"https:\/\/bisbalpenedes.com\/web\/wp-json\/wp\/v2\/posts\/23742\/revisions\/23745"}],"wp:featuredmedia":[{"embeddable":true,"href":"https:\/\/bisbalpenedes.com\/web\/wp-json\/wp\/v2\/media\/23743"}],"wp:attachment":[{"href":"https:\/\/bisbalpenedes.com\/web\/wp-json\/wp\/v2\/media?parent=23742"}],"wp:term":[{"taxonomy":"category","embeddable":true,"href":"https:\/\/bisbalpenedes.com\/web\/wp-json\/wp\/v2\/categories?post=23742"},{"taxonomy":"post_tag","embeddable":true,"href":"https:\/\/bisbalpenedes.com\/web\/wp-json\/wp\/v2\/tags?post=23742"}],"curies":[{"name":"wp","href":"https:\/\/api.w.org\/{rel}","templated":true}]}}