{"id":23736,"date":"2022-10-29T11:02:20","date_gmt":"2022-10-29T09:02:20","guid":{"rendered":"https:\/\/bisbalpenedes.com\/web\/?p=23736"},"modified":"2022-10-29T11:02:20","modified_gmt":"2022-10-29T09:02:20","slug":"saprova-una-comanda-de-subministrament-de-paper-dimpressio-en-el-marc-de-ladhesio-a-la-central-de-compres-de-lacm-2","status":"publish","type":"post","link":"https:\/\/bisbalpenedes.com\/web\/2022\/10\/29\/saprova-una-comanda-de-subministrament-de-paper-dimpressio-en-el-marc-de-ladhesio-a-la-central-de-compres-de-lacm-2\/","title":{"rendered":"S\u2019aprova una comanda de subministrament de paper d\u2019impressi\u00f3 en el marc de l\u2019adhesi\u00f3 a la central de compres de l\u2019ACM"},"content":{"rendered":"\n<p>La Junta de Govern del 24 d\u2019octubre va aprovar la contractaci\u00f3 del subministrament de 690 paquets de paper d\u2019impressi\u00f3 amb l\u2019empresa LYRECO ESPA\u00d1A, S.A. en el marc de l\u2019adhesi\u00f3 a la central de compres de l\u2019Associaci\u00f3 Catalana de Municipis (ACM). L\u2019import de la comanda ascendeix a 2.472,40\u20ac.<\/p>\n\n\n\n<p>L\u2019Ajuntament de la Bisbal del Pened\u00e8s est\u00e0 adherit al sistema d\u2019adquisici\u00f3 centralitzada i a la contractaci\u00f3 de serveis a trav\u00e9s de la central de compres de l\u2019ACM des de l\u2019octubre de 2019, amb l\u2019objectiu de fer compres i adquirir serveis amb preus m\u00e9s econ\u00f2mics i optimitzar els terminis dels procediments administratius, ja que l\u2019Ajuntament no ha de dur a terme la licitaci\u00f3 per poder executar aquesta compra. L\u2019Ajuntament de la Bisbal del Pened\u00e8s va fer la primera comanda a trav\u00e9s d\u2019aquest acord marc amb l\u2019ACM el 2020 i ara n\u2019ha fet la segona.<\/p>\n\n\n\n<hr class=\"wp-block-separator has-alpha-channel-opacity\"\/>\n\n\n\n<p>La Junta de Gobierno del 24 de octubre aprob\u00f3 la contrataci\u00f3n del suministro de 690 paquetes de papel de impresi\u00f3n con la empresa LYRECO ESPA\u00d1A, S.A. en el marco de la adhesi\u00f3n a la central de compr1s de la Associaci\u00f3 Catalana de Municipis (ACM). El importe de la comanda asciende a 2.472,40\u20ac.<\/p>\n\n\n\n<p>El Ayuntamiento de la Bisbal del Pened\u00e8s est\u00e1 adherido al sistema de adquisici\u00f3n centralizada y a la contrataci\u00f3n de servicios a trav\u00e9s de la central de compras de la ACM desde octubre del a\u00f1o 2019, con el objetivo de hacer compras y adquirir servicios con precios m\u00e1s econ\u00f3micos y optimizar los plazos de los procedimientos administrativos, ya que el Ayuntamiento no tiene que llevar a cabo la licitaci\u00f3n para poder ejecutar esta compra. El Ayuntamiento de la Bisbal del Pened\u00e8s hizo la primera comanda a trav\u00e9s de este acuerdo marco con la ACM en el 2020 y ahora ha hecho la segunda.<\/p>\n","protected":false},"excerpt":{"rendered":"<p>La Junta de Govern del 24 d\u2019octubre va aprovar la contractaci\u00f3 del subministrament de 690 paquets de paper d\u2019impressi\u00f3 amb l\u2019empresa LYRECO ESPA\u00d1A, S.A. en el marc de l\u2019adhesi\u00f3 a &hellip; <a href=\"https:\/\/bisbalpenedes.com\/web\/2022\/10\/29\/saprova-una-comanda-de-subministrament-de-paper-dimpressio-en-el-marc-de-ladhesio-a-la-central-de-compres-de-lacm-2\/\" class=\"more-link\">Read More<\/a><\/p>\n","protected":false},"author":4,"featured_media":20507,"comment_status":"closed","ping_status":"closed","sticky":false,"template":"","format":"standard","meta":[],"categories":[2402,3085,8],"tags":[2736],"_links":{"self":[{"href":"https:\/\/bisbalpenedes.com\/web\/wp-json\/wp\/v2\/posts\/23736"}],"collection":[{"href":"https:\/\/bisbalpenedes.com\/web\/wp-json\/wp\/v2\/posts"}],"about":[{"href":"https:\/\/bisbalpenedes.com\/web\/wp-json\/wp\/v2\/types\/post"}],"author":[{"embeddable":true,"href":"https:\/\/bisbalpenedes.com\/web\/wp-json\/wp\/v2\/users\/4"}],"replies":[{"embeddable":true,"href":"https:\/\/bisbalpenedes.com\/web\/wp-json\/wp\/v2\/comments?post=23736"}],"version-history":[{"count":1,"href":"https:\/\/bisbalpenedes.com\/web\/wp-json\/wp\/v2\/posts\/23736\/revisions"}],"predecessor-version":[{"id":23737,"href":"https:\/\/bisbalpenedes.com\/web\/wp-json\/wp\/v2\/posts\/23736\/revisions\/23737"}],"wp:featuredmedia":[{"embeddable":true,"href":"https:\/\/bisbalpenedes.com\/web\/wp-json\/wp\/v2\/media\/20507"}],"wp:attachment":[{"href":"https:\/\/bisbalpenedes.com\/web\/wp-json\/wp\/v2\/media?parent=23736"}],"wp:term":[{"taxonomy":"category","embeddable":true,"href":"https:\/\/bisbalpenedes.com\/web\/wp-json\/wp\/v2\/categories?post=23736"},{"taxonomy":"post_tag","embeddable":true,"href":"https:\/\/bisbalpenedes.com\/web\/wp-json\/wp\/v2\/tags?post=23736"}],"curies":[{"name":"wp","href":"https:\/\/api.w.org\/{rel}","templated":true}]}}