{"id":2373,"date":"2017-05-10T02:40:02","date_gmt":"2017-05-09T20:40:02","guid":{"rendered":"http:\/\/bisbalpenedes.com\/web\/?p=2373"},"modified":"2017-05-10T02:40:02","modified_gmt":"2017-05-09T20:40:02","slug":"ja-podeu-adquirir-el-llibre-arrels-de-campanar-presentat-el-passat-sant-jordi","status":"publish","type":"post","link":"https:\/\/bisbalpenedes.com\/web\/2017\/05\/10\/ja-podeu-adquirir-el-llibre-arrels-de-campanar-presentat-el-passat-sant-jordi\/","title":{"rendered":"Ja podeu adquirir el llibre &#8216;Arrels de campanar&#8217; presentat el passat Sant Jordi"},"content":{"rendered":"<p>Ja podeu adquirir el llibre &#8220;Arrels de campanar&#8221; d&#8217;Heribert Ventosa, editat per l&#8217;Ajuntament de La Bisbal amb motiu de Sant Jordi, a les oficines municipals i a la\u00a0<a href=\"https:\/\/www.facebook.com\/BibliotecaBisbal\/\" data-hovercard=\"\/ajax\/hovercard\/page.php?id=314117998946521\" data-hovercard-prefer-more-content-show=\"1\" data-hovercard-obj-id=\"314117998946521\">Biblioteca p\u00fablica de la Bisbal del Pened\u00e8s<\/a>. El preu \u00e9s de 5 euros.<\/p>\n<p><a href=\"http:\/\/bisbalpenedes.com\/web\/wp-content\/uploads\/2017\/05\/PROMO_ARRELS.jpg\"><img loading=\"lazy\" class=\"aligncenter size-medium wp-image-2374\" title=\"PROMO_ARRELS\" src=\"http:\/\/bisbalpenedes.com\/web\/wp-content\/uploads\/2017\/05\/PROMO_ARRELS-300x240.jpg\" alt=\"\" width=\"300\" height=\"240\" srcset=\"https:\/\/bisbalpenedes.com\/web\/wp-content\/uploads\/2017\/05\/PROMO_ARRELS-300x240.jpg 300w, https:\/\/bisbalpenedes.com\/web\/wp-content\/uploads\/2017\/05\/PROMO_ARRELS-600x480.jpg 600w, https:\/\/bisbalpenedes.com\/web\/wp-content\/uploads\/2017\/05\/PROMO_ARRELS-1024x819.jpg 1024w, https:\/\/bisbalpenedes.com\/web\/wp-content\/uploads\/2017\/05\/PROMO_ARRELS.jpg 2000w\" sizes=\"(max-width: 300px) 100vw, 300px\" \/><\/a><\/p>\n<p>El llibre ens transporta a la vida de La Bisbal del Pened\u00e8s de finals dels anys 50 i principis dels 60 del segle passat rere la mirada i la c\u00e0mera de Moss\u00e8n Pau Cald\u00e8s, qui va arribar a la Bisbal l&#8217;any 1955. El llibre recull informaci\u00f3 i imatges del llegat de Moss\u00e8n Cald\u00e8s aix\u00ed com an\u00e8cdotes diverses que van des de finals del segle XIX fins a comen\u00e7aments del segle XX.<\/p>\n<p>Heribert Ventosa i Guasch \u00e9s bisbalenc i un gran aficionat al senderisme, el muntanyisme i els viatges. Va ser alcalde de la vila a finals dels anys vuitanta i principis dels noranta del segle passat \u00a0i ha dedicat la major part de la seva vida a la construcci\u00f3 i al comer\u00e7 dels hidrocarburs. Com a escriptor ha publicat anteriorment\u00a0 \u201cGent: imatges bisbalenques al llarg de 100 anys\u201d (2003), que tamb\u00e9 inclo\u00efa fotografies i, en aquest cas, feia un rep\u00e0s a la vida festiva i social de la vila.\u00a0 Ventosa ha col\u00b7laborat en nombroses publicacions, entre elles alguna antologia publicada per Televisi\u00f3 de Catalunya. \u00c9s col\u00b7laborador habitual a la revista El Marge amb la secci\u00f3 \u201cUna foto amb hist\u00f2ria\u201d i, tamb\u00e9 ha ajudat en el muntatge d\u2019exposicions. L\u2019autor compta amb una \u00e0mplia col\u00b7lecci\u00f3 de fotografies antigues, ja que n\u2019\u00e9s un gran aficionat.<\/p>\n<p>Podeu llegir m\u00e9s sobre el llibre i el seu autor a l&#8217;enlla\u00e7:\u00a0<a href=\"http:\/\/bisbalpenedes.com\/web\/2017\/04\/19\/lajuntament-de-la-bisbal-del-penedes-edita-un-nou-llibre-de-tematica-local-per-sant-jordi\/\" target=\"_blank\">http:\/\/bisbalpenedes.com\/web\/2017\/04\/19\/lajuntament-de-la-bisbal-del-penedes-edita-un-nou-llibre-de-tematica-local-per-sant-jordi\/<\/a><\/p>\n<p>&nbsp;<\/p>\n<p>&nbsp;<\/p>\n<p>&nbsp;<\/p>\n","protected":false},"excerpt":{"rendered":"<p>Ja podeu adquirir el llibre &#8220;Arrels de campanar&#8221; d&#8217;Heribert Ventosa, editat per l&#8217;Ajuntament de La Bisbal amb motiu de Sant Jordi, a les oficines municipals i a la\u00a0Biblioteca p\u00fablica de &hellip; <a href=\"https:\/\/bisbalpenedes.com\/web\/2017\/05\/10\/ja-podeu-adquirir-el-llibre-arrels-de-campanar-presentat-el-passat-sant-jordi\/\" class=\"more-link\">Read More<\/a><\/p>\n","protected":false},"author":4,"featured_media":2374,"comment_status":"closed","ping_status":"closed","sticky":false,"template":"","format":"standard","meta":[],"categories":[13],"tags":[365,180,225,320,47,64],"_links":{"self":[{"href":"https:\/\/bisbalpenedes.com\/web\/wp-json\/wp\/v2\/posts\/2373"}],"collection":[{"href":"https:\/\/bisbalpenedes.com\/web\/wp-json\/wp\/v2\/posts"}],"about":[{"href":"https:\/\/bisbalpenedes.com\/web\/wp-json\/wp\/v2\/types\/post"}],"author":[{"embeddable":true,"href":"https:\/\/bisbalpenedes.com\/web\/wp-json\/wp\/v2\/users\/4"}],"replies":[{"embeddable":true,"href":"https:\/\/bisbalpenedes.com\/web\/wp-json\/wp\/v2\/comments?post=2373"}],"version-history":[{"count":1,"href":"https:\/\/bisbalpenedes.com\/web\/wp-json\/wp\/v2\/posts\/2373\/revisions"}],"predecessor-version":[{"id":2375,"href":"https:\/\/bisbalpenedes.com\/web\/wp-json\/wp\/v2\/posts\/2373\/revisions\/2375"}],"wp:featuredmedia":[{"embeddable":true,"href":"https:\/\/bisbalpenedes.com\/web\/wp-json\/wp\/v2\/media\/2374"}],"wp:attachment":[{"href":"https:\/\/bisbalpenedes.com\/web\/wp-json\/wp\/v2\/media?parent=2373"}],"wp:term":[{"taxonomy":"category","embeddable":true,"href":"https:\/\/bisbalpenedes.com\/web\/wp-json\/wp\/v2\/categories?post=2373"},{"taxonomy":"post_tag","embeddable":true,"href":"https:\/\/bisbalpenedes.com\/web\/wp-json\/wp\/v2\/tags?post=2373"}],"curies":[{"name":"wp","href":"https:\/\/api.w.org\/{rel}","templated":true}]}}