{"id":23728,"date":"2022-10-29T09:46:57","date_gmt":"2022-10-29T07:46:57","guid":{"rendered":"https:\/\/bisbalpenedes.com\/web\/?p=23728"},"modified":"2022-10-29T09:52:56","modified_gmt":"2022-10-29T07:52:56","slug":"saprova-la-prorroga-dun-any-del-contracte-dassessoria-laboral-i-fiscal","status":"publish","type":"post","link":"https:\/\/bisbalpenedes.com\/web\/2022\/10\/29\/saprova-la-prorroga-dun-any-del-contracte-dassessoria-laboral-i-fiscal\/","title":{"rendered":"S&#8217;aprova la pr\u00f2rroga d&#8217;un any del contracte d&#8217;assessoria laboral i fiscal"},"content":{"rendered":"\n<p>La Junta de govern del passat dilluns 24 d&#8217;octubre va aprovar la pr\u00f2rroga d&#8217;un any del contracte d&#8217;assessoria laboral i fiscal amb l&#8217;empresa Arc Despatx Advocats i Consultors SLP.&nbsp;<\/p>\n\n\n\n<p>L&#8217;1 de gener de 2019 va comen\u00e7ar el servei d&#8217;assessoria laboral i fiscal que s&#8217;havia formalitzat l&#8217;octubre de 2018 amb aquesta empresa. El contracte era de 4 anys, amb un import anual de 13.794\u20ac (IVA incl\u00f2s) per anualitat, i finalitzava el 31 de desembre de 2022. No obstant aix\u00f2, el plec de cl\u00e0usules administratives particulars que regeix aquest contracte possibilita la pr\u00f2rroga de dos anys m\u00e9s en dos per\u00edodes successius d&#8217;un any cada un (4+1+1). Tenint en compte que aquest 2022 finalitzen els quatre anys de contracte, la Junta de govern ha aprovat la pr\u00f2rroga per un any m\u00e9s amb el mateix import.&nbsp;<\/p>\n\n\n\n<p>Aquest punt era amb compet\u00e8ncia delegada del Ple a la Junta de Govern mitjan\u00e7ant l&#8217;acord plenari del 4 de juliol de 2019, ja que la durada del contracte, incloses les pr\u00f2rrogues, supera els 4 anys. Les sessions de la Junta de Govern local no s\u00f3n p\u00fabliques, per\u00f2 quan actua en compet\u00e8ncies delegades del Ple, la sessi\u00f3 se sotmet als mateixos requisits de publicitat que les sessions del Ple, que s\u00f3n p\u00fabliques. Aix\u00ed ho va declarar la STS 161\/2013, de 26 de setembre. Per aquest motiu, els regidors de l&#8217;oposici\u00f3 van rebre un correu electr\u00f2nic amb informaci\u00f3 sobre la proposta una vegada feta la convocat\u00f2ria, i les portes de la sala de Plens es van obrir perqu\u00e8 pogu\u00e9s assistir p\u00fablic a l&#8217;explicaci\u00f3 i votaci\u00f3 d&#8217;aquest punt. Tamb\u00e9 es va gravar per garantir la seva publicitat i podeu trobar el v\u00eddeo en aquest enlla\u00e7:&nbsp;<a href=\"https:\/\/youtu.be\/0_azx4HhOpc\" target=\"_blank\" rel=\"noreferrer noopener\">youtu.be<\/a><a href=\"https:\/\/youtu.be\/0_azx4HhOpc\"><\/a><\/p>\n\n\n\n<hr class=\"wp-block-separator has-alpha-channel-opacity\"\/>\n\n\n\n<p><strong>CASTELLANO<\/strong>&nbsp;| La Junta de gobierno del pasado lunes 24 de octubre aprob\u00f3 la pr\u00f3rroga de un a\u00f1o del contrato de asesor\u00eda laboral y fiscal con la empresa Arc Despatx Advocats i Consultors SLP.<\/p>\n\n\n\n<p>El 1 de enero de 2019 empez\u00f3 el servicio de asesor\u00eda laboral y fiscal que se hab\u00eda formalizado en octubre de 2018 con esta empresa. El contrato era de 4 a\u00f1os, con un importe anual de 13.794\u20ac (IVA incluido) por anualidad, y finalizaba el 31 de diciembre de 2022. No obstante, el pliego de cl\u00e1usulas administrativas particulares que rige este contrato posibilita la pr\u00f3rroga de dos a\u00f1os m\u00e1s en dos periodos sucesivos de un a\u00f1o cada uno (4+1+1). Teniendo en cuenta que este 2022 finalizan los cuatro a\u00f1os de contrato, la Junta de gobierno ha aprobado la pr\u00f3rroga por un a\u00f1o m\u00e1s con el mismo importe.<\/p>\n\n\n\n<p>Este punto era con competencia delegada del Pleno a la Junta de Gobierno mediante el acuerdo plenario del 4 de julio de 2019, ya que la duraci\u00f3n del contrato, incluidas las pr\u00f3rrogas, supera los 4 a\u00f1os. Las sesiones de la Junta de Gobierno local no son p\u00fablicas, pero cuando act\u00faa en competencias delegadas del Pleno, la sesi\u00f3n se somete a los mismos requisitos de publicidad que las sesiones del Pleno, que son p\u00fablicas. As\u00ed lo declar\u00f3 la STS 161\/2013, de 26 de septiembre. Por este motivo, los concejales de la oposici\u00f3n recibieron un correo electr\u00f3nico con informaci\u00f3n sobre la propuesta una vez hecha la convocatoria, y las puertas de la sala de Plenos se abrieron para que pudiese asistir p\u00fablico a la explicaci\u00f3n y votaci\u00f3n de este punto. Tambi\u00e9n se grab\u00f3 para garantizar su publicidad y pod\u00e9is encontrar el v\u00eddeo en este enlace:&nbsp;<a href=\"https:\/\/youtu.be\/0_azx4HhOpc\">https:\/\/youtu.be\/0_azx4HhOpc<\/a><\/p>\n","protected":false},"excerpt":{"rendered":"<p>La Junta de govern del passat dilluns 24 d&#8217;octubre va aprovar la pr\u00f2rroga d&#8217;un any del contracte d&#8217;assessoria laboral i fiscal amb l&#8217;empresa Arc Despatx Advocats i Consultors SLP.&nbsp; L&#8217;1 &hellip; <a href=\"https:\/\/bisbalpenedes.com\/web\/2022\/10\/29\/saprova-la-prorroga-dun-any-del-contracte-dassessoria-laboral-i-fiscal\/\" class=\"more-link\">Read More<\/a><\/p>\n","protected":false},"author":4,"featured_media":23731,"comment_status":"closed","ping_status":"closed","sticky":false,"template":"","format":"standard","meta":[],"categories":[8],"tags":[],"_links":{"self":[{"href":"https:\/\/bisbalpenedes.com\/web\/wp-json\/wp\/v2\/posts\/23728"}],"collection":[{"href":"https:\/\/bisbalpenedes.com\/web\/wp-json\/wp\/v2\/posts"}],"about":[{"href":"https:\/\/bisbalpenedes.com\/web\/wp-json\/wp\/v2\/types\/post"}],"author":[{"embeddable":true,"href":"https:\/\/bisbalpenedes.com\/web\/wp-json\/wp\/v2\/users\/4"}],"replies":[{"embeddable":true,"href":"https:\/\/bisbalpenedes.com\/web\/wp-json\/wp\/v2\/comments?post=23728"}],"version-history":[{"count":1,"href":"https:\/\/bisbalpenedes.com\/web\/wp-json\/wp\/v2\/posts\/23728\/revisions"}],"predecessor-version":[{"id":23730,"href":"https:\/\/bisbalpenedes.com\/web\/wp-json\/wp\/v2\/posts\/23728\/revisions\/23730"}],"wp:featuredmedia":[{"embeddable":true,"href":"https:\/\/bisbalpenedes.com\/web\/wp-json\/wp\/v2\/media\/23731"}],"wp:attachment":[{"href":"https:\/\/bisbalpenedes.com\/web\/wp-json\/wp\/v2\/media?parent=23728"}],"wp:term":[{"taxonomy":"category","embeddable":true,"href":"https:\/\/bisbalpenedes.com\/web\/wp-json\/wp\/v2\/categories?post=23728"},{"taxonomy":"post_tag","embeddable":true,"href":"https:\/\/bisbalpenedes.com\/web\/wp-json\/wp\/v2\/tags?post=23728"}],"curies":[{"name":"wp","href":"https:\/\/api.w.org\/{rel}","templated":true}]}}