{"id":23692,"date":"2022-10-26T19:05:37","date_gmt":"2022-10-26T17:05:37","guid":{"rendered":"https:\/\/bisbalpenedes.com\/web\/?p=23692"},"modified":"2022-10-26T19:10:34","modified_gmt":"2022-10-26T17:10:34","slug":"comenca-el-termini-per-presentar-propostes-per-a-la-licitacio-del-servei-de-dinamitzacio-dels-parcs-de-salut-i-les-activitats-de-la-gent-gran","status":"publish","type":"post","link":"https:\/\/bisbalpenedes.com\/web\/2022\/10\/26\/comenca-el-termini-per-presentar-propostes-per-a-la-licitacio-del-servei-de-dinamitzacio-dels-parcs-de-salut-i-les-activitats-de-la-gent-gran\/","title":{"rendered":"Comen\u00e7a el termini per presentar propostes a la licitaci\u00f3 del servei de dinamitzaci\u00f3 dels parcs de salut i les activitats de la gent gran"},"content":{"rendered":"\n<p><strong>Comen\u00e7a el termini per presentar propostes per a la licitaci\u00f3 del servei de dinamitzaci\u00f3 dels parcs de salut i les activitats de la gent gran<\/strong><\/p>\n\n\n\n<p>La Junta de govern d&#8217;aquest dilluns 24 d&#8217;octubre de 2022 ha aprovat la licitaci\u00f3 del servei de dinamitzaci\u00f3 dels parcs de salut i activitats per a la gent gran al Rac\u00f3 de la Gent Gran i als locals socials del Priorat, la Miralba i Can Gordei.<\/p>\n\n\n\n<p>El termini per presentar propostes va del dijous 27 d&#8217;octubre al dijous 10 de novembre de 2022.<\/p>\n\n\n\n<p>La durada del contracte ser\u00e0 del 9 de gener de 2023 al 22 de juny de 2024 i l&#8217;import \u00e9s de 41.399,12\u20ac (IVA incl\u00f2s) per al 2023 i 24.419,40\u20ac (IVA incl\u00f2s) per al 2024.<\/p>\n\n\n\n<p>Al perfil del contractant hi trobareu tota la informaci\u00f3: <a href=\"https:\/\/contractaciopublica.gencat.cat\/ecofin_pscp\/AppJava\/notice.pscp?reqCode=viewCn&amp;idDoc=110452738&amp;lawType=\">https:\/\/contractaciopublica.gencat.cat\/ecofin_pscp\/AppJava\/notice.pscp?reqCode=viewCn&amp;idDoc=110452738&amp;lawType=<\/a><\/p>\n\n\n\n<p>La licitaci\u00f3 inclou:<\/p>\n\n\n\n<p><strong>Les activitats als parcs de salut:<\/strong> petites caminades, exercicis amb els aparells, estiraments i pilates suau.<\/p>\n\n\n\n<ul><li>Parc de salut al nucli: dilluns, dimecres i divendres de 9:30h a 11:00h<\/li><li>Parc de salut de la Miralba: dimarts i dijous de 17:00h a 18:30h<\/li><li>Parc de salut del Priorat: dilluns i dimecres de 17:00h a 18:30h<\/li><li>Parc de salut de Can Gordei: dimarts i dijous de 9:30h a 11:00h<\/li><\/ul>\n\n\n\n<p><strong>Activitats als locals socials:<\/strong><\/p>\n\n\n\n<p>Inform\u00e0tica, catal\u00e0, curs de mem\u00f2ria i jocs de taula<\/p>\n\n\n\n<ul><li>Rac\u00f3 de la gent gran: dilluns, dimecres i dijous de 17:00h a 20:00h<\/li><li>Local social de la Miralba: dilluns i dimecres de 17.00h a 20:00h<\/li><li>Local social del Priorat: dimarts i dijous de 17:00h a 20:00h<\/li><li>Local social de Can Gordei: dimarts i divendres de 17:00h a 20:00h<\/li><\/ul>\n\n\n\n<p>Durant els mesos de gener a juny es va dur a terme una prova pilot, amb activitats de gimn\u00e0stica i benestar emocional, per con\u00e8ixer el volum de persones grans que -despr\u00e9s de la pand\u00e8mia de COVID-19- estaven disposades a reiniciar la seva vida social i la participaci\u00f3 en les diferents activitats que s&#8217;organitzen des de l&#8217;Ajuntament de la Bisbal del Pened\u00e8s. Havent obtingut resultats positius de la prova pilot, ara l&#8217;Ajuntament tira endavant aquesta licitaci\u00f3 amb l&#8217;objectiu de desenvolupar activitats per a fer m\u00e9s saludables els estils de vida de les persones, la gesti\u00f3 de les emocions com a font de benestar emocional, el creixement personal i, en conseq\u00fc\u00e8ncia, la millora de la qualitat de vida de les persones.<\/p>\n\n\n\n<p><strong>CASTELLANO |<\/strong> La Junta de gobierno de este lunes 24 de octubre de 2022 ha aprobado la licitaci\u00f3n del servicio de dinamizaci\u00f3n de los parques de salud y actividades para la gente mayor en el Rac\u00f3 de la Gent Gran y en los locales sociales del Priorat, la Miralba y Can Gordei.<\/p>\n\n\n\n<p>El plazo para presentar propuestas va del jueves 27 de octubre al jueves 10 de noviembre de 2022.<\/p>\n\n\n\n<p>La duraci\u00f3n del contrato ser\u00e1 del 9 de enero de 2023 al 22 de junio de 2024 y el importe es de 41.399,12\u20ac (IVA incluido) para el 2023 y 24.419,40\u20ac (IVA incluido) para el 2024.<\/p>\n\n\n\n<p>En el perfil del contratante encontrar\u00e9is toda la informaci\u00f3n: <a href=\"https:\/\/contractaciopublica.gencat.cat\/ecofin_pscp\/AppJava\/notice.pscp?reqCode=viewCn&amp;idDoc=110452738&amp;lawType=\">https:\/\/contractaciopublica.gencat.cat\/ecofin_pscp\/AppJava\/notice.pscp?reqCode=viewCn&amp;idDoc=110452738&amp;lawType=<\/a><\/p>\n\n\n\n<p>La licitaci\u00f3n incluye:<\/p>\n\n\n\n<p>Las actividades en los parques de salud: peque\u00f1as caminatas, ejercicios con aparatos, estiramientos y pilates suave.<\/p>\n\n\n\n<ul><li>Parque de salud del n\u00facleo: lunes, mi\u00e9rcoles y viernes de 9:30h a 11:00h.<\/li><li>Parque de salud de la Miralba: martes y jueves de 17:00h a 18:30h<\/li><li>Parque de salud del Priorato: lunes y mi\u00e9rcoles de 17:00h a 18:30h<\/li><li>Parque de salud de Can Gordei: martes y jueves de 9:30h a 11:00h<\/li><\/ul>\n\n\n\n<p>Actividades en los locales sociales:<\/p>\n\n\n\n<p>Inform\u00e1tica, catal\u00e1n, curso de memoria y juegos de mesa<\/p>\n\n\n\n<ul><li>Rac\u00f3 de la gent gran: lunes, mi\u00e9rcoles y jueves de 17:00h a 20:00h<\/li><li>Local social de la Miralba: lunes y mi\u00e9rcoles de 17:00h a 20:00h<\/li><li>Local social del Priorat: martes y jueves de 17:00h a 20:00h<\/li><li>Local social de Can Gordei: martes y viernes de 17:00h a 20:00h<\/li><\/ul>\n\n\n\n<p>Durante los meses de enero a junio se llev\u00f3 a cabo una prueba piloto, con actividades de gimnasia y bienestar emocional, para conocer el volumen de personas mayores que -despu\u00e9s de la pandemia de COVID-19- estaban dispuestas a reiniciar su vida social y la participaci\u00f3n en las distintas actividades que se organizan desde el Ayuntamiento de la Bisbal del Pened\u00e8s. Habiendo obtenido resultados positivos de la prueba piloto, ahora el Ayuntamiento saca adelante esta licitaci\u00f3n con el objetivo de desarrollar actividades para hacer m\u00e1s saludables los estilos de vida de las personas, la gesti\u00f3n de las emociones como fuente de bienestar emocional, el crecimiento personal y, en consecuencia, la mejora de la calidad de vida de las personas.<\/p>\n","protected":false},"excerpt":{"rendered":"<p>Comen\u00e7a el termini per presentar propostes per a la licitaci\u00f3 del servei de dinamitzaci\u00f3 dels parcs de salut i les activitats de la gent gran La Junta de govern d&#8217;aquest &hellip; <a href=\"https:\/\/bisbalpenedes.com\/web\/2022\/10\/26\/comenca-el-termini-per-presentar-propostes-per-a-la-licitacio-del-servei-de-dinamitzacio-dels-parcs-de-salut-i-les-activitats-de-la-gent-gran\/\" class=\"more-link\">Read More<\/a><\/p>\n","protected":false},"author":4,"featured_media":23694,"comment_status":"closed","ping_status":"closed","sticky":false,"template":"","format":"standard","meta":[],"categories":[464,3278,8],"tags":[306,230,1359,305,83,267,5563,5562],"_links":{"self":[{"href":"https:\/\/bisbalpenedes.com\/web\/wp-json\/wp\/v2\/posts\/23692"}],"collection":[{"href":"https:\/\/bisbalpenedes.com\/web\/wp-json\/wp\/v2\/posts"}],"about":[{"href":"https:\/\/bisbalpenedes.com\/web\/wp-json\/wp\/v2\/types\/post"}],"author":[{"embeddable":true,"href":"https:\/\/bisbalpenedes.com\/web\/wp-json\/wp\/v2\/users\/4"}],"replies":[{"embeddable":true,"href":"https:\/\/bisbalpenedes.com\/web\/wp-json\/wp\/v2\/comments?post=23692"}],"version-history":[{"count":2,"href":"https:\/\/bisbalpenedes.com\/web\/wp-json\/wp\/v2\/posts\/23692\/revisions"}],"predecessor-version":[{"id":23696,"href":"https:\/\/bisbalpenedes.com\/web\/wp-json\/wp\/v2\/posts\/23692\/revisions\/23696"}],"wp:featuredmedia":[{"embeddable":true,"href":"https:\/\/bisbalpenedes.com\/web\/wp-json\/wp\/v2\/media\/23694"}],"wp:attachment":[{"href":"https:\/\/bisbalpenedes.com\/web\/wp-json\/wp\/v2\/media?parent=23692"}],"wp:term":[{"taxonomy":"category","embeddable":true,"href":"https:\/\/bisbalpenedes.com\/web\/wp-json\/wp\/v2\/categories?post=23692"},{"taxonomy":"post_tag","embeddable":true,"href":"https:\/\/bisbalpenedes.com\/web\/wp-json\/wp\/v2\/tags?post=23692"}],"curies":[{"name":"wp","href":"https:\/\/api.w.org\/{rel}","templated":true}]}}