{"id":23690,"date":"2022-10-26T17:21:47","date_gmt":"2022-10-26T15:21:47","guid":{"rendered":"https:\/\/bisbalpenedes.com\/web\/?p=23690"},"modified":"2022-10-26T17:21:47","modified_gmt":"2022-10-26T15:21:47","slug":"el-proper-dilluns-31-doctubre-a-les-9h-tindra-lloc-un-ple-extraordinari-a-lajuntament-de-la-bisbal-del-penedes","status":"publish","type":"post","link":"https:\/\/bisbalpenedes.com\/web\/2022\/10\/26\/el-proper-dilluns-31-doctubre-a-les-9h-tindra-lloc-un-ple-extraordinari-a-lajuntament-de-la-bisbal-del-penedes\/","title":{"rendered":"El proper dilluns 31 d\u2019octubre a les 9h tindr\u00e0 lloc un Ple extraordinari a l\u2019Ajuntament de la Bisbal del Pened\u00e8s"},"content":{"rendered":"\n<p>El proper dilluns 31 d\u2019octubre, a les 9h, tindr\u00e0 lloc un Ple extraordinari a l\u2019Ajuntament de la Bisbal del Pened\u00e8s amb el seg\u00fcent ordre del dia:<\/p>\n\n\n\n<p>1.- Conveni amb l\u2019Ajuntament de Sant Jaume dels Domenys per a la recollida de residus porta a porta al Papagai.<\/p>\n\n\n\n<p>2.- Modificaci\u00f3 de cr\u00e8dit per a inversions i despeses corrents.<\/p>\n\n\n\n<p>3.- Modificaci\u00f3 de l\u2019ordenan\u00e7a per a la bonificaci\u00f3 de l\u2019impost de vehicles el\u00e8ctrics i vehicles h\u00edbrids.<\/p>\n\n\n\n<p>4.- Reglament de funcionament del servei de rec\u00e0rrega de vehicles el\u00e8ctrics i vehicles h\u00edbrids endollables.<\/p>\n\n\n\n<hr class=\"wp-block-separator has-alpha-channel-opacity\"\/>\n\n\n\n<p>El pr\u00f3ximo lunes 31 de octubre, a las 9h, tendr\u00e1 lugar aun Pleno extraordinario en el Ayuntamiento de la Bisbal del Pened\u00e8s con el siguiente orden del d\u00eda:&nbsp;<\/p>\n\n\n\n<p>1.- Convenio con el Ayuntamiento de Sant Jaume dels Domenys para la recogida de residuos puerta por puerta en el Papagai.<\/p>\n\n\n\n<p>2.- Modificaci\u00f3n de cr\u00e9dito para inversiones y gastos corrientes.<\/p>\n\n\n\n<p>3.- Modificaci\u00f3n de la ordenanza para la bonificaci\u00f3n del impuesto de veh\u00edculos el\u00e9ctricos y veh\u00edculos h\u00edbridos.<\/p>\n\n\n\n<p>4.- Reglamento de funcionamiento del servicio de recarga de veh\u00edculos el\u00e9ctricos y veh\u00edculos h\u00edbridos enchufables.<\/p>\n","protected":false},"excerpt":{"rendered":"<p>El proper dilluns 31 d\u2019octubre, a les 9h, tindr\u00e0 lloc un Ple extraordinari a l\u2019Ajuntament de la Bisbal del Pened\u00e8s amb el seg\u00fcent ordre del dia: 1.- Conveni amb l\u2019Ajuntament &hellip; <a href=\"https:\/\/bisbalpenedes.com\/web\/2022\/10\/26\/el-proper-dilluns-31-doctubre-a-les-9h-tindra-lloc-un-ple-extraordinari-a-lajuntament-de-la-bisbal-del-penedes\/\" class=\"more-link\">Read More<\/a><\/p>\n","protected":false},"author":4,"featured_media":20647,"comment_status":"closed","ping_status":"closed","sticky":false,"template":"","format":"standard","meta":[],"categories":[8,2251,2250],"tags":[5561,459,383,393,1374,423],"_links":{"self":[{"href":"https:\/\/bisbalpenedes.com\/web\/wp-json\/wp\/v2\/posts\/23690"}],"collection":[{"href":"https:\/\/bisbalpenedes.com\/web\/wp-json\/wp\/v2\/posts"}],"about":[{"href":"https:\/\/bisbalpenedes.com\/web\/wp-json\/wp\/v2\/types\/post"}],"author":[{"embeddable":true,"href":"https:\/\/bisbalpenedes.com\/web\/wp-json\/wp\/v2\/users\/4"}],"replies":[{"embeddable":true,"href":"https:\/\/bisbalpenedes.com\/web\/wp-json\/wp\/v2\/comments?post=23690"}],"version-history":[{"count":1,"href":"https:\/\/bisbalpenedes.com\/web\/wp-json\/wp\/v2\/posts\/23690\/revisions"}],"predecessor-version":[{"id":23691,"href":"https:\/\/bisbalpenedes.com\/web\/wp-json\/wp\/v2\/posts\/23690\/revisions\/23691"}],"wp:featuredmedia":[{"embeddable":true,"href":"https:\/\/bisbalpenedes.com\/web\/wp-json\/wp\/v2\/media\/20647"}],"wp:attachment":[{"href":"https:\/\/bisbalpenedes.com\/web\/wp-json\/wp\/v2\/media?parent=23690"}],"wp:term":[{"taxonomy":"category","embeddable":true,"href":"https:\/\/bisbalpenedes.com\/web\/wp-json\/wp\/v2\/categories?post=23690"},{"taxonomy":"post_tag","embeddable":true,"href":"https:\/\/bisbalpenedes.com\/web\/wp-json\/wp\/v2\/tags?post=23690"}],"curies":[{"name":"wp","href":"https:\/\/api.w.org\/{rel}","templated":true}]}}