{"id":23682,"date":"2022-10-25T13:57:38","date_gmt":"2022-10-25T11:57:38","guid":{"rendered":"https:\/\/bisbalpenedes.com\/web\/?p=23682"},"modified":"2022-10-25T14:03:46","modified_gmt":"2022-10-25T12:03:46","slug":"el-diumenge-30-doctubre-a-les-19h-projectarem-la-pellicula-toscana-en-el-marc-del-cicle-gaudi","status":"publish","type":"post","link":"https:\/\/bisbalpenedes.com\/web\/2022\/10\/25\/el-diumenge-30-doctubre-a-les-19h-projectarem-la-pellicula-toscana-en-el-marc-del-cicle-gaudi\/","title":{"rendered":"El diumenge 30 d&#8217;octubre a les 19h projectarem la pel\u00b7l\u00edcula &#8216;Toscana&#8217; en el marc del Cicle Gaud\u00ed"},"content":{"rendered":"\n<figure class=\"wp-block-embed is-type-video is-provider-youtube wp-block-embed-youtube wp-embed-aspect-16-9 wp-has-aspect-ratio\"><div class=\"wp-block-embed__wrapper\">\n<iframe loading=\"lazy\" title=\"Cicle Gaud\u00ed: &quot;Toscana&quot;\" width=\"1170\" height=\"658\" src=\"https:\/\/www.youtube.com\/embed\/1HXQv-9Gc1A?feature=oembed\" frameborder=\"0\" allow=\"accelerometer; autoplay; clipboard-write; encrypted-media; gyroscope; picture-in-picture\" allowfullscreen><\/iframe>\n<\/div><\/figure>\n\n\n\n<p>El proper 30 d&#8217;octubre, a les 19h, projectarem la pel\u00b7l\u00edcula &#8220;Toscana&#8221; del Cicle Gaud\u00ed al Centre Municipal de Cultura. <\/p>\n\n\n\n<p>Us recordem que el preu de l&#8217;entrada \u00e9s de 4,5\u20ac (general) i de 3\u20ac per als espectadors que presentin el carnet de la Biblioteca P\u00fablica de la Bisbal del Pened\u00e8s. Els beneficis es destinaran a l&#8217;entitat que gestioni la taquilla abans de la projecci\u00f3 (es fa un sorteig entre les entitats que volen fer aquesta tasca).<\/p>\n\n\n\n<p><strong>FITXA T\u00c8CNICA <\/strong><\/p>\n\n\n\n<p>Direcci\u00f3: Pau Dur\u00e0<\/p>\n\n\n\n<p>Gui\u00f3: Pau Dur\u00e0<\/p>\n\n\n\n<p>Productora: Fosca Films, Good Machine Films<\/p>\n\n\n\n<p>Estrena: Maig de 2022<\/p>\n\n\n\n<p>Durada: 85 min.<\/p>\n\n\n\n<p>G\u00e8nere: Com\u00e8dia<\/p>\n\n\n\n<p>Versi\u00f3: original en catal\u00e0<\/p>\n\n\n\n<p>SINOPSI<\/p>\n\n\n\n<p>Amb un pot ple d&#8217;esperma a la butxaca, cam\u00ed a la cl\u00ednica on l&#8217;espera la seva dona per a fer una fecundaci\u00f3 in vitro, en Santi, un cr\u00edtic culinari d&#8217;uns quaranta anys, xoca amb un cotxe que es dona a la fugida. Buscant ajuda, queda atrapat al restaurant Toscana, un local amb evidents problemes econ\u00f2mics on, a punta d&#8217;escopeta, un antic cuiner reclama la seva quitan\u00e7a a l&#8217;amo d&#8217;aquest.<\/p>\n\n\n\n<hr class=\"wp-block-separator has-alpha-channel-opacity\"\/>\n\n\n\n<p>El pr\u00f3ximo 30 de octubre, a las 19h, proyectaremos la pel\u00edcula &#8220;Toscana&#8221; del Cicle Gaud\u00ed en el Centre Municipal de Cultura.<\/p>\n\n\n\n<p>Os recordamos que el precio de la entrada es de 4,5\u20ac (general) y de 3\u20ac para los espectadores que presenten el carn\u00e9 de la Biblioteca P\u00fablica de la Bisbal del Pened\u00e8s. Los beneficios se destinar\u00e1n a la entidad que gestione la taquilla antes de la proyecci\u00f3n (se hace un sorteo entre las entidades que quieren realizar esta tarea).<\/p>\n\n\n\n<p><strong>FICHA T\u00c9CNICA<\/strong><\/p>\n\n\n\n<p>Direcci\u00f3n: Pau Dur\u00e0<\/p>\n\n\n\n<p>Gui\u00f3n: Pau Dur\u00e0:<\/p>\n\n\n\n<p>Productora: Fosca Films, Good Machine Films<\/p>\n\n\n\n<p>Estreno: Mayo de 2022<\/p>\n\n\n\n<p>Duraci\u00f3n: 85 min.<\/p>\n\n\n\n<p>G\u00e9nero: Comedia<\/p>\n\n\n\n<p>Versi\u00f3n: original en catal\u00e1n<\/p>\n\n\n\n<p><strong>SINOPSIS<\/strong><\/p>\n\n\n\n<p>Con un bote lleno de esperma en el bolsillo, de camino a la cl\u00ednica en la que le espera su mujer para hacer una fecundaci\u00f3n in vitro, Santi, un cr\u00edtico culinario de unos cuarenta a\u00f1os, choca con un coche que se da a la fuga. Buscando ayuda, queda atrapado en el restaurante Toscana, un local con evidentes problemas econ\u00f3micos en el que, a punta de pistola, un antiguo cocinero reclama el finiquito al due\u00f1o del mismo.<\/p>\n","protected":false},"excerpt":{"rendered":"<p>El proper 30 d&#8217;octubre, a les 19h, projectarem la pel\u00b7l\u00edcula &#8220;Toscana&#8221; del Cicle Gaud\u00ed al Centre Municipal de Cultura. Us recordem que el preu de l&#8217;entrada \u00e9s de 4,5\u20ac (general) &hellip; <a href=\"https:\/\/bisbalpenedes.com\/web\/2022\/10\/25\/el-diumenge-30-doctubre-a-les-19h-projectarem-la-pellicula-toscana-en-el-marc-del-cicle-gaudi\/\" class=\"more-link\">Read More<\/a><\/p>\n","protected":false},"author":4,"featured_media":23683,"comment_status":"closed","ping_status":"closed","sticky":false,"template":"","format":"standard","meta":[],"categories":[13,8],"tags":[1198,459,2930,308,307,226,225,393,2263,5560],"_links":{"self":[{"href":"https:\/\/bisbalpenedes.com\/web\/wp-json\/wp\/v2\/posts\/23682"}],"collection":[{"href":"https:\/\/bisbalpenedes.com\/web\/wp-json\/wp\/v2\/posts"}],"about":[{"href":"https:\/\/bisbalpenedes.com\/web\/wp-json\/wp\/v2\/types\/post"}],"author":[{"embeddable":true,"href":"https:\/\/bisbalpenedes.com\/web\/wp-json\/wp\/v2\/users\/4"}],"replies":[{"embeddable":true,"href":"https:\/\/bisbalpenedes.com\/web\/wp-json\/wp\/v2\/comments?post=23682"}],"version-history":[{"count":4,"href":"https:\/\/bisbalpenedes.com\/web\/wp-json\/wp\/v2\/posts\/23682\/revisions"}],"predecessor-version":[{"id":23687,"href":"https:\/\/bisbalpenedes.com\/web\/wp-json\/wp\/v2\/posts\/23682\/revisions\/23687"}],"wp:featuredmedia":[{"embeddable":true,"href":"https:\/\/bisbalpenedes.com\/web\/wp-json\/wp\/v2\/media\/23683"}],"wp:attachment":[{"href":"https:\/\/bisbalpenedes.com\/web\/wp-json\/wp\/v2\/media?parent=23682"}],"wp:term":[{"taxonomy":"category","embeddable":true,"href":"https:\/\/bisbalpenedes.com\/web\/wp-json\/wp\/v2\/categories?post=23682"},{"taxonomy":"post_tag","embeddable":true,"href":"https:\/\/bisbalpenedes.com\/web\/wp-json\/wp\/v2\/tags?post=23682"}],"curies":[{"name":"wp","href":"https:\/\/api.w.org\/{rel}","templated":true}]}}