{"id":23663,"date":"2022-10-21T13:38:44","date_gmt":"2022-10-21T11:38:44","guid":{"rendered":"https:\/\/bisbalpenedes.com\/web\/?p=23663"},"modified":"2022-10-21T13:42:47","modified_gmt":"2022-10-21T11:42:47","slug":"aquest-divendres-ha-comencat-el-curs-de-vetllador-a-i-monitor-a-de-menjador-i-transport-escolar-al-centre-municipal-de-cultura-de-la-bisbal-del-penedes","status":"publish","type":"post","link":"https:\/\/bisbalpenedes.com\/web\/2022\/10\/21\/aquest-divendres-ha-comencat-el-curs-de-vetllador-a-i-monitor-a-de-menjador-i-transport-escolar-al-centre-municipal-de-cultura-de-la-bisbal-del-penedes\/","title":{"rendered":"Aquest divendres ha comen\u00e7at el curs de vetllador\/a i monitor\/a de menjador i transport escolar al Centre Municipal de Cultura de la Bisbal del Pened\u00e8s"},"content":{"rendered":"\n<p>Dinou joves de tota la comarca han comen\u00e7at el curs de vetllador\/a i monitor\/a de menjador i transport escolar al Centre Municipal de Cultura de la Bisbal del Pened\u00e8s aquest divendres. Es tracta d\u2019una formaci\u00f3 presencial que es dur\u00e0 a terme fins al 21 de desembre i que s\u2019adre\u00e7a a joves inscrits\/es al programa de Garantia Juvenil.<\/p>\n\n\n\n<p>La formaci\u00f3 l\u2019ha organitzat la Cambra de Comer\u00e7 de Tarragona juntament amb Jove Baix Pened\u00e8s en el marc del Programa <a><\/a>Integral de Cualificaci\u00f3n y Empleo (PICE) i compta amb la col\u00b7laboraci\u00f3 de l\u2019Ajuntament de la Bisbal del Pened\u00e8s.<\/p>\n\n\n\n<p>La presentaci\u00f3 del curs ha comptat amb la pres\u00e8ncia del conseller comarcal de Joventut, Marc Palau; la primera tinenta d\u2019alcaldia de l\u2019Ajuntament de la Bisbal del Pened\u00e8s, Judith Vidal; el responsable de Formaci\u00f3 de la Cambra de Comer\u00e7 de Tarragona, Josep Oriol Fern\u00e1ndez; la t\u00e8cnica de l\u2019Oficina Jove del Baix Pened\u00e8s, S\u00edlvia Ferr\u00e9; i la t\u00e8cnica d\u2019Ocupaci\u00f3 i Joventut i Ocupaci\u00f3 de l\u2019Ajuntament de la Bisbal del Pened\u00e8s, Arantzazu Longares.<\/p>\n\n\n\n<hr class=\"wp-block-separator has-alpha-channel-opacity\"\/>\n\n\n\n<p>Diecinueve j\u00f3venes de toda la comarca han empezado el curso de velador\/a y monitor\/a de comedor y transporte escolar en el Centre Municipal de Cultura de la Bisbal del Pened\u00e8s este viernes. Se trata de una formaci\u00f3n presencial que se llevar\u00e1 a cabo hasta el 21 de diciembre y que est\u00e1 dirigida a j\u00f3venes inscritos\/as en el programa de Garant\u00eda Juvenil.<\/p>\n\n\n\n<p>La formaci\u00f3n la ha organizado la C\u00e1mara de Comercio de Tarragona junto con Jove Baix Pened\u00e8s en el marco del Programa Integral de Cualificaci\u00f3n y Empleo (PICE) y cuenta con la colaboraci\u00f3n del Ayuntamiento de la Bisbal del Pened\u00e8s.<\/p>\n\n\n\n<p>La presentaci\u00f3n del curso ha contado con la presencia del consejero comarcal de Juventud, Marc Palau; la primera tenienta de alcald\u00eda del Ayuntamiento de la Bisbal del Pened\u00e8s, Judith Vidal; el responsable de Formaci\u00f3n de la C\u00e1mara de Comercio de Tarragona, Josep Oriol Fern\u00e1ndez; la t\u00e9cnica de la Oficina Jove Baix Pened\u00e8s, S\u00edlvia Ferr\u00e9; y la t\u00e9cnica de Juventud Ocupaci\u00f3n del Ayuntamiento de la Bisbal del Pened\u00e8s, Arantzazu Longares.<\/p>\n","protected":false},"excerpt":{"rendered":"<p>Dinou joves de tota la comarca han comen\u00e7at el curs de vetllador\/a i monitor\/a de menjador i transport escolar al Centre Municipal de Cultura de la Bisbal del Pened\u00e8s aquest &hellip; <a href=\"https:\/\/bisbalpenedes.com\/web\/2022\/10\/21\/aquest-divendres-ha-comencat-el-curs-de-vetllador-a-i-monitor-a-de-menjador-i-transport-escolar-al-centre-municipal-de-cultura-de-la-bisbal-del-penedes\/\" class=\"more-link\">Read More<\/a><\/p>\n","protected":false},"author":4,"featured_media":23666,"comment_status":"closed","ping_status":"closed","sticky":false,"template":"","format":"standard","meta":[],"categories":[4269,8,9],"tags":[459,1251,4127,1056,12,1057,393,113,1992,356,5499],"_links":{"self":[{"href":"https:\/\/bisbalpenedes.com\/web\/wp-json\/wp\/v2\/posts\/23663"}],"collection":[{"href":"https:\/\/bisbalpenedes.com\/web\/wp-json\/wp\/v2\/posts"}],"about":[{"href":"https:\/\/bisbalpenedes.com\/web\/wp-json\/wp\/v2\/types\/post"}],"author":[{"embeddable":true,"href":"https:\/\/bisbalpenedes.com\/web\/wp-json\/wp\/v2\/users\/4"}],"replies":[{"embeddable":true,"href":"https:\/\/bisbalpenedes.com\/web\/wp-json\/wp\/v2\/comments?post=23663"}],"version-history":[{"count":1,"href":"https:\/\/bisbalpenedes.com\/web\/wp-json\/wp\/v2\/posts\/23663\/revisions"}],"predecessor-version":[{"id":23665,"href":"https:\/\/bisbalpenedes.com\/web\/wp-json\/wp\/v2\/posts\/23663\/revisions\/23665"}],"wp:featuredmedia":[{"embeddable":true,"href":"https:\/\/bisbalpenedes.com\/web\/wp-json\/wp\/v2\/media\/23666"}],"wp:attachment":[{"href":"https:\/\/bisbalpenedes.com\/web\/wp-json\/wp\/v2\/media?parent=23663"}],"wp:term":[{"taxonomy":"category","embeddable":true,"href":"https:\/\/bisbalpenedes.com\/web\/wp-json\/wp\/v2\/categories?post=23663"},{"taxonomy":"post_tag","embeddable":true,"href":"https:\/\/bisbalpenedes.com\/web\/wp-json\/wp\/v2\/tags?post=23663"}],"curies":[{"name":"wp","href":"https:\/\/api.w.org\/{rel}","templated":true}]}}