{"id":2366,"date":"2017-05-10T00:43:30","date_gmt":"2017-05-09T18:43:30","guid":{"rendered":"http:\/\/bisbalpenedes.com\/web\/?p=2366"},"modified":"2017-05-10T04:13:02","modified_gmt":"2017-05-09T22:13:02","slug":"aquest-dissabte-la-bisbal-del-penedes-sadhereix-al-lets-clean-up-europe","status":"publish","type":"post","link":"https:\/\/bisbalpenedes.com\/web\/2017\/05\/10\/aquest-dissabte-la-bisbal-del-penedes-sadhereix-al-lets-clean-up-europe\/","title":{"rendered":"Aquest dissabte 13 de maig arriba el &#8216;Let&#8217;s clean up Europe&#8217; a La Bisbal"},"content":{"rendered":"<p><a href=\"http:\/\/bisbalpenedes.com\/web\/wp-content\/uploads\/2017\/05\/CLEAN-DAY-2-2017.jpg\"><img loading=\"lazy\" class=\"aligncenter size-medium wp-image-2367\" title=\"let's clean up day neteja\" src=\"http:\/\/bisbalpenedes.com\/web\/wp-content\/uploads\/2017\/05\/CLEAN-DAY-2-2017-212x300.jpg\" alt=\"\" width=\"212\" height=\"300\" srcset=\"https:\/\/bisbalpenedes.com\/web\/wp-content\/uploads\/2017\/05\/CLEAN-DAY-2-2017-212x300.jpg 212w, https:\/\/bisbalpenedes.com\/web\/wp-content\/uploads\/2017\/05\/CLEAN-DAY-2-2017-600x849.jpg 600w, https:\/\/bisbalpenedes.com\/web\/wp-content\/uploads\/2017\/05\/CLEAN-DAY-2-2017-723x1024.jpg 723w, https:\/\/bisbalpenedes.com\/web\/wp-content\/uploads\/2017\/05\/CLEAN-DAY-2-2017.jpg 1169w\" sizes=\"(max-width: 212px) 100vw, 212px\" \/><\/a><\/p>\n<p>La Bisbal del Pened\u00e8s s\u2019adhereix aquest dissabte a l\u2019operaci\u00f3 de neteja comuna que es dur\u00e0 a terme a tot Europa amb la finalitat de sensibilitzar en temes de protecci\u00f3 de medi ambient i conscienciar sobre la quantitat de residus que llencem de forma incontrolada a la natura i combatre aix\u00ed els comportaments inc\u00edvics a la natura.<\/p>\n<p>L\u2019acci\u00f3, organitzada des de la Regidoria de Medi Ambient, consisteix en netejar un espai natural, en el cas de La Bisbal, el Cam\u00ed del Priorat. La concentraci\u00f3 es far\u00e0 dissabte 13 de maig a les 11.00h al Corral de l\u2019Alfredo on els participants rebran el material per netejar el cam\u00ed. L\u2019activitat tindr\u00e0 una durada aproximada de dues hores i no cal inscripci\u00f3 pr\u00e8via.<\/p>\n<p>Amb la celebraci\u00f3 del \u201cLet\u2019s Clean up Europe\u201d es pret\u00e9n que la poblaci\u00f3 agafi consci\u00e8ncia sobre la dificultat d\u2019eliminar la gran quantitat de residus que generem amb l&#8217;objectiu de potenciar la reutilitzaci\u00f3 i el reciclatge entre la ciutadania.<\/p>\n","protected":false},"excerpt":{"rendered":"<p>La Bisbal del Pened\u00e8s s\u2019adhereix aquest dissabte a l\u2019operaci\u00f3 de neteja comuna que es dur\u00e0 a terme a tot Europa amb la finalitat de sensibilitzar en temes de protecci\u00f3 de &hellip; <a href=\"https:\/\/bisbalpenedes.com\/web\/2017\/05\/10\/aquest-dissabte-la-bisbal-del-penedes-sadhereix-al-lets-clean-up-europe\/\" class=\"more-link\">Read More<\/a><\/p>\n","protected":false},"author":4,"featured_media":2367,"comment_status":"closed","ping_status":"closed","sticky":false,"template":"","format":"standard","meta":[],"categories":[32],"tags":[363,169,364,362,360,220,361],"_links":{"self":[{"href":"https:\/\/bisbalpenedes.com\/web\/wp-json\/wp\/v2\/posts\/2366"}],"collection":[{"href":"https:\/\/bisbalpenedes.com\/web\/wp-json\/wp\/v2\/posts"}],"about":[{"href":"https:\/\/bisbalpenedes.com\/web\/wp-json\/wp\/v2\/types\/post"}],"author":[{"embeddable":true,"href":"https:\/\/bisbalpenedes.com\/web\/wp-json\/wp\/v2\/users\/4"}],"replies":[{"embeddable":true,"href":"https:\/\/bisbalpenedes.com\/web\/wp-json\/wp\/v2\/comments?post=2366"}],"version-history":[{"count":6,"href":"https:\/\/bisbalpenedes.com\/web\/wp-json\/wp\/v2\/posts\/2366\/revisions"}],"predecessor-version":[{"id":2370,"href":"https:\/\/bisbalpenedes.com\/web\/wp-json\/wp\/v2\/posts\/2366\/revisions\/2370"}],"wp:featuredmedia":[{"embeddable":true,"href":"https:\/\/bisbalpenedes.com\/web\/wp-json\/wp\/v2\/media\/2367"}],"wp:attachment":[{"href":"https:\/\/bisbalpenedes.com\/web\/wp-json\/wp\/v2\/media?parent=2366"}],"wp:term":[{"taxonomy":"category","embeddable":true,"href":"https:\/\/bisbalpenedes.com\/web\/wp-json\/wp\/v2\/categories?post=2366"},{"taxonomy":"post_tag","embeddable":true,"href":"https:\/\/bisbalpenedes.com\/web\/wp-json\/wp\/v2\/tags?post=2366"}],"curies":[{"name":"wp","href":"https:\/\/api.w.org\/{rel}","templated":true}]}}