{"id":23659,"date":"2022-10-20T23:19:54","date_gmt":"2022-10-20T21:19:54","guid":{"rendered":"https:\/\/bisbalpenedes.com\/web\/?p=23659"},"modified":"2022-10-20T23:19:54","modified_gmt":"2022-10-20T21:19:54","slug":"la-junta-de-govern-ordinaria-del-proper-dilluns-24-doctubre-conte-una-proposta-amb-competencia-delegada-del-ple","status":"publish","type":"post","link":"https:\/\/bisbalpenedes.com\/web\/2022\/10\/20\/la-junta-de-govern-ordinaria-del-proper-dilluns-24-doctubre-conte-una-proposta-amb-competencia-delegada-del-ple\/","title":{"rendered":"La Junta de Govern ordin\u00e0ria del proper dilluns 24 d&#8217;octubre cont\u00e9 una proposta amb compet\u00e8ncia delegada del Ple"},"content":{"rendered":"\n<p>Avui dijous s\u2019ha convocat una Junta de govern ordin\u00e0ria per al dilluns 24 d&#8217;octubre que cont\u00e9 una proposta amb compet\u00e8ncia delegada del Ple a la Junta de Govern (acord plenari del 4 de juliol de 2019). \u00c9s la seg\u00fcent:<\/p>\n\n\n\n<p>\u25aa\ufe0fPr\u00f2rroga d&#8217;un any del contracte d&#8217;assessoria laboral i fiscal<\/p>\n\n\n\n<p>Les sessions de la Junta de Govern Local no s\u00f3n p\u00fabliques, per\u00f2 quan actua en compet\u00e8ncies delegades del Ple, la sessi\u00f3 se sotmet als mateixos requisits de publicitat que les sessions del Ple, que s\u00f3n p\u00fabliques. Aix\u00ed ho va declarar la STS 161\/2013, de 26 de setembre. Per aquest motiu, els regidors de l&#8217;oposici\u00f3 han rebut un correu electr\u00f2nic de l&#8217;alcaldessa Agn\u00e8s Ferr\u00e9 amb informaci\u00f3 sobre la proposta i tamb\u00e9 s&#8217;obriran les portes de la sala de Plens a les 19:15h per tal que pugui assistir-hi p\u00fablic. Aquest punt es gravar\u00e0 i, posteriorment, es publicar\u00e0 el v\u00eddeo amb l&#8217;objectiu de garantir la seva publicitat.<\/p>\n\n\n\n<hr class=\"wp-block-separator has-alpha-channel-opacity\"\/>\n\n\n\n<p>Hoy jueves se ha convocado una junta de gobierno ordinaria para el lunes 24 de octubre que contiene una propuesta con competencia delegada del Pleno a la Junta de Gobierno (acuerdo plenario del 4 de julio de 2019). Es la siguiente:<\/p>\n\n\n\n<p>\u25aa\ufe0fPr\u00f3rroga de un a\u00f1o del contrato de asesor\u00eda laboral y fiscal.<\/p>\n\n\n\n<p>Las sesiones de la Junta de Gobierno Local no son p\u00fablicas, pero cuando act\u00faa en competencias delegadas del Pleno, la sesi\u00f3n se somete a los mismos requisitos de publicidad que las sesiones del Pleno, que son p\u00fablicas. As\u00ed lo declar\u00f3 la STS 161\/2013, de 26 de septiembre. Por este motivo, los concejales de la oposici\u00f3n han recibido un correo electr\u00f3nico de la alcaldesa Agn\u00e8s Ferr\u00e9 con informaci\u00f3n sobre la propuesta y tambi\u00e9n se abrir\u00e1n las puertas de la sala de Plenos a las 19:15h con tal que pueda asistir p\u00fablico. Este punto se grabar\u00e1 y, posteriormente, se publicar\u00e1 el v\u00eddeo con el objetivo de garantizar su publicidad.<\/p>\n\n\n\n<p><\/p>\n","protected":false},"excerpt":{"rendered":"<p>Avui dijous s\u2019ha convocat una Junta de govern ordin\u00e0ria per al dilluns 24 d&#8217;octubre que cont\u00e9 una proposta amb compet\u00e8ncia delegada del Ple a la Junta de Govern (acord plenari &hellip; <a href=\"https:\/\/bisbalpenedes.com\/web\/2022\/10\/20\/la-junta-de-govern-ordinaria-del-proper-dilluns-24-doctubre-conte-una-proposta-amb-competencia-delegada-del-ple\/\" class=\"more-link\">Read More<\/a><\/p>\n","protected":false},"author":4,"featured_media":23060,"comment_status":"closed","ping_status":"closed","sticky":false,"template":"","format":"standard","meta":[],"categories":[3085,8,2250],"tags":[5054,4175,686,5558,393],"_links":{"self":[{"href":"https:\/\/bisbalpenedes.com\/web\/wp-json\/wp\/v2\/posts\/23659"}],"collection":[{"href":"https:\/\/bisbalpenedes.com\/web\/wp-json\/wp\/v2\/posts"}],"about":[{"href":"https:\/\/bisbalpenedes.com\/web\/wp-json\/wp\/v2\/types\/post"}],"author":[{"embeddable":true,"href":"https:\/\/bisbalpenedes.com\/web\/wp-json\/wp\/v2\/users\/4"}],"replies":[{"embeddable":true,"href":"https:\/\/bisbalpenedes.com\/web\/wp-json\/wp\/v2\/comments?post=23659"}],"version-history":[{"count":1,"href":"https:\/\/bisbalpenedes.com\/web\/wp-json\/wp\/v2\/posts\/23659\/revisions"}],"predecessor-version":[{"id":23660,"href":"https:\/\/bisbalpenedes.com\/web\/wp-json\/wp\/v2\/posts\/23659\/revisions\/23660"}],"wp:featuredmedia":[{"embeddable":true,"href":"https:\/\/bisbalpenedes.com\/web\/wp-json\/wp\/v2\/media\/23060"}],"wp:attachment":[{"href":"https:\/\/bisbalpenedes.com\/web\/wp-json\/wp\/v2\/media?parent=23659"}],"wp:term":[{"taxonomy":"category","embeddable":true,"href":"https:\/\/bisbalpenedes.com\/web\/wp-json\/wp\/v2\/categories?post=23659"},{"taxonomy":"post_tag","embeddable":true,"href":"https:\/\/bisbalpenedes.com\/web\/wp-json\/wp\/v2\/tags?post=23659"}],"curies":[{"name":"wp","href":"https:\/\/api.w.org\/{rel}","templated":true}]}}