{"id":23640,"date":"2022-10-19T19:15:55","date_gmt":"2022-10-19T17:15:55","guid":{"rendered":"https:\/\/bisbalpenedes.com\/web\/?p=23640"},"modified":"2022-10-19T19:15:55","modified_gmt":"2022-10-19T17:15:55","slug":"aquesta-setmana-ha-comencat-el-curs-de-cuina-saludable-de-la-cambra-de-tarragona-al-raco-de-la-gent-gran","status":"publish","type":"post","link":"https:\/\/bisbalpenedes.com\/web\/2022\/10\/19\/aquesta-setmana-ha-comencat-el-curs-de-cuina-saludable-de-la-cambra-de-tarragona-al-raco-de-la-gent-gran\/","title":{"rendered":"Aquesta setmana ha comen\u00e7at el curs de cuina saludable de la Cambra de Tarragona al Rac\u00f3 de la Gent Gran"},"content":{"rendered":"\n<p>Un total de 13 persones han comen\u00e7at el curs de cuina saludable, a la Bisbal del Pened\u00e8s, aquest dilluns 17 d\u2019octubre. La formaci\u00f3 la du a terme la xef Roc\u00edo Merino Mir al Rac\u00f3 de la Gent Gran.<\/p>\n\n\n\n<p>Aquesta \u00e9s una formaci\u00f3 subvencionada per a treballadors en actiu i aut\u00f2noms que es du a terme des de la Cambra de Comer\u00e7 de Tarragona amb la col\u00b7laboraci\u00f3 de l\u2019Ajuntament de la Bisbal del Pened\u00e8s i est\u00e0 impulsada i subvencionada pel Consorci per a la Formaci\u00f3 Cont\u00ednua de Catalunya i finan\u00e7ada pel Fons Europeu com a part de la resposta de la Uni\u00f3 Europea a la pand\u00e8mia de COVID-19.<\/p>\n\n\n\n<hr class=\"wp-block-separator has-alpha-channel-opacity\"\/>\n\n\n\n<p><strong>CASTELLANO |<\/strong>\u00a0Un total de 13 personas han empezado el curso de cocina saludable, en la Bisbal del Pened\u00e8s, este lunes 17 de octubre. La formaci\u00f3n la lleva a cabo la chef Roc\u00edo Merino Mir en el Rac\u00f3 de la Gent Gran.<\/p>\n\n\n\n<p>Esta es una formaci\u00f3n subvencionada para trabajadores en activo y aut\u00f3nomos que se lleva a cabo desde la C\u00e1mara de Comercio de Tarragona con la colaboraci\u00f3n del Ayuntamiento de la Bisbal del Pened\u00e8s y est\u00e1 impulsada y subvencionada por el Consorcio para la Formaci\u00f3n Continua de Catalu\u00f1a y financiada por el Fondo Europeo como parte de la respuesta de la Uni\u00f3n Europea a la pandemia de COVID-19.<\/p>\n\n\n\n<figure class=\"wp-block-image size-large\"><img loading=\"lazy\" width=\"1024\" height=\"768\" src=\"https:\/\/bisbalpenedes.com\/web\/wp-content\/uploads\/2022\/10\/2022-10-17-16.43.06-1024x768.jpg\" alt=\"\" class=\"wp-image-23642\" srcset=\"https:\/\/bisbalpenedes.com\/web\/wp-content\/uploads\/2022\/10\/2022-10-17-16.43.06-1024x768.jpg 1024w, https:\/\/bisbalpenedes.com\/web\/wp-content\/uploads\/2022\/10\/2022-10-17-16.43.06-300x225.jpg 300w, https:\/\/bisbalpenedes.com\/web\/wp-content\/uploads\/2022\/10\/2022-10-17-16.43.06-768x576.jpg 768w, https:\/\/bisbalpenedes.com\/web\/wp-content\/uploads\/2022\/10\/2022-10-17-16.43.06-1536x1152.jpg 1536w, https:\/\/bisbalpenedes.com\/web\/wp-content\/uploads\/2022\/10\/2022-10-17-16.43.06-2048x1536.jpg 2048w, https:\/\/bisbalpenedes.com\/web\/wp-content\/uploads\/2022\/10\/2022-10-17-16.43.06-600x450.jpg 600w\" sizes=\"(max-width: 1024px) 100vw, 1024px\" \/><\/figure>\n","protected":false},"excerpt":{"rendered":"<p>Un total de 13 persones han comen\u00e7at el curs de cuina saludable, a la Bisbal del Pened\u00e8s, aquest dilluns 17 d\u2019octubre. La formaci\u00f3 la du a terme la xef Roc\u00edo &hellip; <a href=\"https:\/\/bisbalpenedes.com\/web\/2022\/10\/19\/aquesta-setmana-ha-comencat-el-curs-de-cuina-saludable-de-la-cambra-de-tarragona-al-raco-de-la-gent-gran\/\" class=\"more-link\">Read More<\/a><\/p>\n","protected":false},"author":4,"featured_media":23641,"comment_status":"closed","ping_status":"closed","sticky":false,"template":"","format":"standard","meta":[],"categories":[8,9],"tags":[1251,4081,4127,5458,393,271],"_links":{"self":[{"href":"https:\/\/bisbalpenedes.com\/web\/wp-json\/wp\/v2\/posts\/23640"}],"collection":[{"href":"https:\/\/bisbalpenedes.com\/web\/wp-json\/wp\/v2\/posts"}],"about":[{"href":"https:\/\/bisbalpenedes.com\/web\/wp-json\/wp\/v2\/types\/post"}],"author":[{"embeddable":true,"href":"https:\/\/bisbalpenedes.com\/web\/wp-json\/wp\/v2\/users\/4"}],"replies":[{"embeddable":true,"href":"https:\/\/bisbalpenedes.com\/web\/wp-json\/wp\/v2\/comments?post=23640"}],"version-history":[{"count":1,"href":"https:\/\/bisbalpenedes.com\/web\/wp-json\/wp\/v2\/posts\/23640\/revisions"}],"predecessor-version":[{"id":23643,"href":"https:\/\/bisbalpenedes.com\/web\/wp-json\/wp\/v2\/posts\/23640\/revisions\/23643"}],"wp:featuredmedia":[{"embeddable":true,"href":"https:\/\/bisbalpenedes.com\/web\/wp-json\/wp\/v2\/media\/23641"}],"wp:attachment":[{"href":"https:\/\/bisbalpenedes.com\/web\/wp-json\/wp\/v2\/media?parent=23640"}],"wp:term":[{"taxonomy":"category","embeddable":true,"href":"https:\/\/bisbalpenedes.com\/web\/wp-json\/wp\/v2\/categories?post=23640"},{"taxonomy":"post_tag","embeddable":true,"href":"https:\/\/bisbalpenedes.com\/web\/wp-json\/wp\/v2\/tags?post=23640"}],"curies":[{"name":"wp","href":"https:\/\/api.w.org\/{rel}","templated":true}]}}