{"id":23632,"date":"2022-10-18T16:57:35","date_gmt":"2022-10-18T14:57:35","guid":{"rendered":"https:\/\/bisbalpenedes.com\/web\/?p=23632"},"modified":"2022-10-18T16:57:35","modified_gmt":"2022-10-18T14:57:35","slug":"a-partir-del-dimecres-19-doctubre-no-es-podra-aparcar-dins-del-recinte-del-poliesportiu-municipal","status":"publish","type":"post","link":"https:\/\/bisbalpenedes.com\/web\/2022\/10\/18\/a-partir-del-dimecres-19-doctubre-no-es-podra-aparcar-dins-del-recinte-del-poliesportiu-municipal\/","title":{"rendered":"A partir del dimecres 19 d&#8217;octubre no es podr\u00e0 aparcar dins del recinte del poliesportiu municipal"},"content":{"rendered":"\n<p>A partir del dimecres 19 d&#8217;octubre no es podr\u00e0 aparcar dins del recinte del poliesportiu municipal a causa de l&#8217;inici de les obres de rehabilitaci\u00f3 del pavell\u00f3 i la construcci\u00f3 dels vestuaris. A partir d&#8217;aquest dimecres hi hauran d&#8217;entrar m\u00e0quines i tamb\u00e9 s&#8217;hi portar\u00e0 material de construcci\u00f3.<\/p>\n\n\n\n<p>Des de l&#8217;Ajuntament hem preparat una zona d&#8217;aparcament al darrere del poliesportiu municipal i tamb\u00e9 hem habilitat un pas perqu\u00e8 els usuaris i clients del bar del poliesportiu municipal hi pugueu accedir amb total seguretat al local, tant aquests dies com durant les obres, que est\u00e0 previst que tinguin una durada de vuit mesos.<\/p>\n\n\n\n<hr class=\"wp-block-separator has-alpha-channel-opacity\"\/>\n\n\n\n<p>A partir del mi\u00e9rcoles 19 de octubre no se podr\u00e1 aparcar dentro del recinto del polideportivo municipal a causa del inicio de las obras de rehabilitaci\u00f3n del pabell\u00f3n y la construcci\u00f3n de los vestuarios. A partir de este mi\u00e9rcoles tendr\u00e1n que entrar m\u00e1quinas y tambi\u00e9n se llevar\u00e1 material de construcci\u00f3n.<\/p>\n\n\n\n<p>Desde el Ayuntamiento hemos preparado una zona de aparcamiento detr\u00e1s del polideportivo municipal y tambi\u00e9n hemos habilitado un paso para que los usuarios y clientes del bar del polideportivo municipal pod\u00e1is acceder con total seguridad al local, tanto estos d\u00edas como durante las obras, que est\u00e1 previsto que tengan una duraci\u00f3n de ocho meses.<\/p>\n","protected":false},"excerpt":{"rendered":"<p>A partir del dimecres 19 d&#8217;octubre no es podr\u00e0 aparcar dins del recinte del poliesportiu municipal a causa de l&#8217;inici de les obres de rehabilitaci\u00f3 del pavell\u00f3 i la construcci\u00f3 &hellip; <a href=\"https:\/\/bisbalpenedes.com\/web\/2022\/10\/18\/a-partir-del-dimecres-19-doctubre-no-es-podra-aparcar-dins-del-recinte-del-poliesportiu-municipal\/\" class=\"more-link\">Read More<\/a><\/p>\n","protected":false},"author":4,"featured_media":23633,"comment_status":"closed","ping_status":"closed","sticky":false,"template":"","format":"standard","meta":[],"categories":[19,8,15],"tags":[330,368,5556,393,3146,483,394,1518],"_links":{"self":[{"href":"https:\/\/bisbalpenedes.com\/web\/wp-json\/wp\/v2\/posts\/23632"}],"collection":[{"href":"https:\/\/bisbalpenedes.com\/web\/wp-json\/wp\/v2\/posts"}],"about":[{"href":"https:\/\/bisbalpenedes.com\/web\/wp-json\/wp\/v2\/types\/post"}],"author":[{"embeddable":true,"href":"https:\/\/bisbalpenedes.com\/web\/wp-json\/wp\/v2\/users\/4"}],"replies":[{"embeddable":true,"href":"https:\/\/bisbalpenedes.com\/web\/wp-json\/wp\/v2\/comments?post=23632"}],"version-history":[{"count":1,"href":"https:\/\/bisbalpenedes.com\/web\/wp-json\/wp\/v2\/posts\/23632\/revisions"}],"predecessor-version":[{"id":23634,"href":"https:\/\/bisbalpenedes.com\/web\/wp-json\/wp\/v2\/posts\/23632\/revisions\/23634"}],"wp:featuredmedia":[{"embeddable":true,"href":"https:\/\/bisbalpenedes.com\/web\/wp-json\/wp\/v2\/media\/23633"}],"wp:attachment":[{"href":"https:\/\/bisbalpenedes.com\/web\/wp-json\/wp\/v2\/media?parent=23632"}],"wp:term":[{"taxonomy":"category","embeddable":true,"href":"https:\/\/bisbalpenedes.com\/web\/wp-json\/wp\/v2\/categories?post=23632"},{"taxonomy":"post_tag","embeddable":true,"href":"https:\/\/bisbalpenedes.com\/web\/wp-json\/wp\/v2\/tags?post=23632"}],"curies":[{"name":"wp","href":"https:\/\/api.w.org\/{rel}","templated":true}]}}