{"id":23628,"date":"2022-10-17T20:28:27","date_gmt":"2022-10-17T18:28:27","guid":{"rendered":"https:\/\/bisbalpenedes.com\/web\/?p=23628"},"modified":"2022-10-17T20:28:27","modified_gmt":"2022-10-17T18:28:27","slug":"aquest-dimarts-sinaugura-lexposicio-gabriel-ferrater-llegir-tota-la-vida-a-la-biblioteca-publica-de-la-bisbal-del-penedes","status":"publish","type":"post","link":"https:\/\/bisbalpenedes.com\/web\/2022\/10\/17\/aquest-dimarts-sinaugura-lexposicio-gabriel-ferrater-llegir-tota-la-vida-a-la-biblioteca-publica-de-la-bisbal-del-penedes\/","title":{"rendered":"Aquest dimarts s&#8217;inaugura l&#8217;exposici\u00f3 &#8220;Gabriel Ferrater. Llegir tota la vida&#8221; a la Biblioteca p\u00fablica de la Bisbal del Pened\u00e8s"},"content":{"rendered":"\n<p>Aquest dimarts s&#8217;inaugura l&#8217;exposici\u00f3 &#8220;Gabriel Ferrater. Llegir tota la vida&#8221; a la Biblioteca p\u00fablica de la Bisbal del Pened\u00e8s. Es podr\u00e0 visitar fins al 4 de novembre, a les tardes (de dilluns a divendres).<\/p>\n\n\n\n<p>D&#8217;altra banda, el dimecres 28 d&#8217;octubre, a les 19.30h, el CMC acollir\u00e0 el recital &#8220;Tens la pell mig del sol, mig de la lluna&#8221;.<\/p>\n\n\n\n<p>Ambdues activitats s&#8217;emmarquen en els actes de l&#8217;Any Gabriel Ferrater, amb motiu del centenari del seu naixement.<\/p>\n\n\n\n<hr class=\"wp-block-separator has-alpha-channel-opacity\"\/>\n\n\n\n<p>Este martes se inaugura la exposici\u00f3n &#8220;Gabriel Ferrater. Llegir tota la vida&#8221; a la Biblioteca p\u00fablica de la Bisbal del Pened\u00e8s. Se podr\u00e1 visitar hasta el 4 de noviembre, por las tardes (de lunes a viernes).<\/p>\n\n\n\n<p>Por otro lado, el mi\u00e9rcoles 28 de octubre, a las 19:30h, el CMC acoger\u00e1 el recital &#8220;Tens la pell mig del sol, mig de la lluna&#8221;.<\/p>\n\n\n\n<p>Ambas actividades se enmarcan en los actos del A\u00f1o Gabriel Ferrater, con motivo del centenario de su nacimiento.<\/p>\n\n\n\n<p><\/p>\n","protected":false},"excerpt":{"rendered":"<p>Aquest dimarts s&#8217;inaugura l&#8217;exposici\u00f3 &#8220;Gabriel Ferrater. Llegir tota la vida&#8221; a la Biblioteca p\u00fablica de la Bisbal del Pened\u00e8s. Es podr\u00e0 visitar fins al 4 de novembre, a les tardes &hellip; <a href=\"https:\/\/bisbalpenedes.com\/web\/2022\/10\/17\/aquest-dimarts-sinaugura-lexposicio-gabriel-ferrater-llegir-tota-la-vida-a-la-biblioteca-publica-de-la-bisbal-del-penedes\/\" class=\"more-link\">Read More<\/a><\/p>\n","protected":false},"author":4,"featured_media":23629,"comment_status":"closed","ping_status":"closed","sticky":false,"template":"","format":"standard","meta":[],"categories":[2942,2478,13,8],"tags":[5555,5554,459,180,3001,5553,393,1374],"_links":{"self":[{"href":"https:\/\/bisbalpenedes.com\/web\/wp-json\/wp\/v2\/posts\/23628"}],"collection":[{"href":"https:\/\/bisbalpenedes.com\/web\/wp-json\/wp\/v2\/posts"}],"about":[{"href":"https:\/\/bisbalpenedes.com\/web\/wp-json\/wp\/v2\/types\/post"}],"author":[{"embeddable":true,"href":"https:\/\/bisbalpenedes.com\/web\/wp-json\/wp\/v2\/users\/4"}],"replies":[{"embeddable":true,"href":"https:\/\/bisbalpenedes.com\/web\/wp-json\/wp\/v2\/comments?post=23628"}],"version-history":[{"count":1,"href":"https:\/\/bisbalpenedes.com\/web\/wp-json\/wp\/v2\/posts\/23628\/revisions"}],"predecessor-version":[{"id":23630,"href":"https:\/\/bisbalpenedes.com\/web\/wp-json\/wp\/v2\/posts\/23628\/revisions\/23630"}],"wp:featuredmedia":[{"embeddable":true,"href":"https:\/\/bisbalpenedes.com\/web\/wp-json\/wp\/v2\/media\/23629"}],"wp:attachment":[{"href":"https:\/\/bisbalpenedes.com\/web\/wp-json\/wp\/v2\/media?parent=23628"}],"wp:term":[{"taxonomy":"category","embeddable":true,"href":"https:\/\/bisbalpenedes.com\/web\/wp-json\/wp\/v2\/categories?post=23628"},{"taxonomy":"post_tag","embeddable":true,"href":"https:\/\/bisbalpenedes.com\/web\/wp-json\/wp\/v2\/tags?post=23628"}],"curies":[{"name":"wp","href":"https:\/\/api.w.org\/{rel}","templated":true}]}}