{"id":23623,"date":"2022-10-17T20:10:02","date_gmt":"2022-10-17T18:10:02","guid":{"rendered":"https:\/\/bisbalpenedes.com\/web\/?p=23623"},"modified":"2022-10-17T20:27:08","modified_gmt":"2022-10-17T18:27:08","slug":"lalcaldessa-i-la-regidora-de-serveis-socials-es-reuneixen-amb-lassociacio-motorista-p-i-c-a","status":"publish","type":"post","link":"https:\/\/bisbalpenedes.com\/web\/2022\/10\/17\/lalcaldessa-i-la-regidora-de-serveis-socials-es-reuneixen-amb-lassociacio-motorista-p-i-c-a\/","title":{"rendered":"L&#8217;alcaldessa i la regidora de Serveis Socials es reuneixen amb l&#8217;Associaci\u00f3 Motorista P.I.C.A."},"content":{"rendered":"\n<p>El passat dimarts 11 d&#8217;octubre, l&#8217;alcaldessa de la Bisbal del Pened\u00e8s, Agn\u00e8s Ferr\u00e9; i la regidora de Serveis Socials, Paqui Cepas; van reunir-se amb el president de l&#8217;Associaci\u00f3 Motorista P.I.C.A. (Protecci\u00f3 a la Inf\u00e0ncia Contra l&#8217;Ab\u00fas) a Catalunya, \u00c1lex Agull\u00f3; el responsable de seguretat, \u00d2scar; i el bisbalenc Andr\u00e9s Toral, que \u00e9s membre de l&#8217;entitat.<\/p>\n\n\n\n<p>L&#8217;Associaci\u00f3 Motorista P.I.C.A. est\u00e0 instaurada a Catalunya des de fa gaireb\u00e9 un any. Es tracta d&#8217;una entitat ben\u00e8fica i sense \u00e0nim de lucre formada majorit\u00e0riament per motoristes (<em>moters<\/em>) que es dediquen a ajudar i acompanyar menors que han estat v\u00edctimes d&#8217;abusos f\u00edsics, sexuals o psicol\u00f2gics. Els seus integrants s\u00f3n voluntaris i reben, de forma continuada, formaci\u00f3 per poder participar en els diferents programes d&#8217;acompanyament a menors.<\/p>\n\n\n\n<p>Durant la reuni\u00f3, l&#8217;entitat es va oferir per realitzar xerrades informatives a infants, joves, professors i pares per prevenir el bullying, detectar-lo i resoldre conflictes. L&#8217;Ajuntament agraeix l&#8217;oferiment i estar\u00e0 en contacte amb l&#8217;entitat per veure quines activitats poden organitzar conjuntament.<\/p>\n\n\n\n<p>L&#8217;alcaldessa de la Bisbal del Pened\u00e8s, Agn\u00e8s Ferr\u00e9, considera que <em>&#8220;la societat necessita persones com les que formen part d&#8217;aquesta entitat sense \u00e0nim de lucre. Gent amb ganes d&#8217;ajudar els altres sense esperar res a canvi. Persones amb l&#8217;objectiu d&#8217;ajudar altres i acompanyar persones que han estat v\u00edctimes de viol\u00e8ncies, per\u00f2 tamb\u00e9 de treballar en la prevenci\u00f3. Moltes felicitats per la feina que feu, de tot cor&#8221;.<\/em><\/p>\n\n\n\n<hr class=\"wp-block-separator has-alpha-channel-opacity\"\/>\n\n\n\n<p><strong>CASTELLANO | <\/strong>El pasado martes 11 de octubre, la alcaldesa de la Bisbal del Pened\u00e8s, Agn\u00e8s Ferr\u00e9; y la concejala de Servicios Sociales, Paqui Cepas; se reunieron con el presidente de la Asociaci\u00f3n Motorista P.I.C.A. (Protecci\u00f3n a la Infancia Contra el Abuso) en Catalu\u00f1a, \u00c1lex Agull\u00f3; el responsable de seguridad, \u00d3scar; y el bisbalenc Andr\u00e9s Toral, que es miembro de la entidad.<\/p>\n\n\n\n<p>La Asociaci\u00f3n Motorista P.I.C.A. est\u00e1 instaurada en Catalu\u00f1a desde hace casi un a\u00f1o. Se trata de una entidad ben\u00e9fica y sin \u00e1nimo de lucro formada mayoritariamente por motoristas (<em>moteros<\/em>) que se dedican a ayudar y acompa\u00f1ar a menores que han sido v\u00edctimas de abusos f\u00edsicos, sexuales o psicol\u00f3gicos. Sus integrantes son voluntarios y reciben, de forma continua, formaci\u00f3n para poder participar en los distintos programas de acompa\u00f1amiento a menores.<\/p>\n\n\n\n<p>Durante la reuni\u00f3n, la entidad se ofreci\u00f3 para realizar charlas informativas a ni\u00f1os, j\u00f3venes, profesores y padres para prevenir el bullying, detectarlo y resolver conflictos. El Ayuntamiento agradece el ofrecimiento y estar\u00e1 en contacto con la entidad para ver qu\u00e9 actividades pueden organizar en conjunto.<\/p>\n\n\n\n<p>La alcaldesa de la bisbal del Pened\u00e8s, Agn\u00e8s Ferr\u00e9, considera que <em>&#8220;la sociedad necesita personas como las que forman parte de esta entidad sin \u00e1nimo de lucro. Gente con ganas de ayudar a los dem\u00e1s sin esperar nada a cambio. Personas con el objetivo de ayudar a otras y acompa\u00f1as a personas que han sido v\u00edctimas de violencias, pero tambi\u00e9n de trabajar en la prevenci\u00f3n. Muchas felicidades por la labor que hac\u00e9is, de todo coraz\u00f3n&#8221;.<\/em><\/p>\n","protected":false},"excerpt":{"rendered":"<p>El passat dimarts 11 d&#8217;octubre, l&#8217;alcaldessa de la Bisbal del Pened\u00e8s, Agn\u00e8s Ferr\u00e9; i la regidora de Serveis Socials, Paqui Cepas; van reunir-se amb el president de l&#8217;Associaci\u00f3 Motorista P.I.C.A. &hellip; <a href=\"https:\/\/bisbalpenedes.com\/web\/2022\/10\/17\/lalcaldessa-i-la-regidora-de-serveis-socials-es-reuneixen-amb-lassociacio-motorista-p-i-c-a\/\" class=\"more-link\">Read More<\/a><\/p>\n","protected":false},"author":4,"featured_media":23624,"comment_status":"closed","ping_status":"closed","sticky":false,"template":"","format":"standard","meta":[],"categories":[2057,8,17],"tags":[5551,459,393,5552],"_links":{"self":[{"href":"https:\/\/bisbalpenedes.com\/web\/wp-json\/wp\/v2\/posts\/23623"}],"collection":[{"href":"https:\/\/bisbalpenedes.com\/web\/wp-json\/wp\/v2\/posts"}],"about":[{"href":"https:\/\/bisbalpenedes.com\/web\/wp-json\/wp\/v2\/types\/post"}],"author":[{"embeddable":true,"href":"https:\/\/bisbalpenedes.com\/web\/wp-json\/wp\/v2\/users\/4"}],"replies":[{"embeddable":true,"href":"https:\/\/bisbalpenedes.com\/web\/wp-json\/wp\/v2\/comments?post=23623"}],"version-history":[{"count":3,"href":"https:\/\/bisbalpenedes.com\/web\/wp-json\/wp\/v2\/posts\/23623\/revisions"}],"predecessor-version":[{"id":23627,"href":"https:\/\/bisbalpenedes.com\/web\/wp-json\/wp\/v2\/posts\/23623\/revisions\/23627"}],"wp:featuredmedia":[{"embeddable":true,"href":"https:\/\/bisbalpenedes.com\/web\/wp-json\/wp\/v2\/media\/23624"}],"wp:attachment":[{"href":"https:\/\/bisbalpenedes.com\/web\/wp-json\/wp\/v2\/media?parent=23623"}],"wp:term":[{"taxonomy":"category","embeddable":true,"href":"https:\/\/bisbalpenedes.com\/web\/wp-json\/wp\/v2\/categories?post=23623"},{"taxonomy":"post_tag","embeddable":true,"href":"https:\/\/bisbalpenedes.com\/web\/wp-json\/wp\/v2\/tags?post=23623"}],"curies":[{"name":"wp","href":"https:\/\/api.w.org\/{rel}","templated":true}]}}