{"id":23609,"date":"2022-10-19T07:00:00","date_gmt":"2022-10-19T05:00:00","guid":{"rendered":"https:\/\/bisbalpenedes.com\/web\/?p=23609"},"modified":"2022-10-14T12:32:13","modified_gmt":"2022-10-14T10:32:13","slug":"avui-19-doctubre-es-el-dia-mundial-de-la-lluita-contra-el-cancer-de-mama","status":"publish","type":"post","link":"https:\/\/bisbalpenedes.com\/web\/2022\/10\/19\/avui-19-doctubre-es-el-dia-mundial-de-la-lluita-contra-el-cancer-de-mama\/","title":{"rendered":"Avui il\u00b7luminarem l&#8217;Ajuntament de color rosa amb motiu del Dia de la lluita contra el c\u00e0ncer de mama"},"content":{"rendered":"\n<p>Avui, 19 d\u2019octubre, \u00e9s el Dia Mundial de la Lluita contra el C\u00e0ncer de Mama i, per aquest motiu, aquest vespre il\u00b7luminarem l&#8217;Ajuntament de color rosa. La jornada t\u00e9 l\u2019objectiu de conscienciar la poblaci\u00f3 sobre la import\u00e0ncia d\u2019un diagn\u00f2stic preco\u00e7 d\u2019aquesta malaltia, per poder tenir m\u00e9s probabilitats de guanyar la lluita contra el tumor m\u00e9s freq\u00fcent en les dones d\u2019arreu del m\u00f3n.<\/p>\n\n\n\n<p>Podeu trobar m\u00e9s informaci\u00f3 sobre aquesta jornada, la malaltia i la prevenci\u00f3, en aquest enlla\u00e7: <a href=\"https:\/\/canalsalut.gencat.cat\/ca\/actualitat\/dies-mundials\/dia-mundial-contra-el-cancer-de-mama\/\" target=\"_blank\" rel=\"noreferrer noopener\">https:\/\/canalsalut.gencat.cat\/ca\/actualitat\/dies-mundials\/dia-mundial-contra-el-cancer-de-mama\/<\/a><\/p>\n\n\n\n<hr class=\"wp-block-separator has-alpha-channel-opacity\"\/>\n\n\n\n<p>Hoy, 19 de octubre, es el D\u00eda Mundial de la Lucha contra el C\u00e1ncer de Mama y, por este motivo, al anochecer iluminaremos el Ayuntamiento de color rosa. La jornada tiene el objetivo de concienciar a la poblaci\u00f3n sobre la importancia de un diagn\u00f3stico precoz de esta enfermedad, para poder tener m\u00e1s probabilidades de ganar la lucha contra el tumor m\u00e1s frecuente en las mujeres de todo el mundo.<\/p>\n\n\n\n<p>Pod\u00e9is encontrar m\u00e1s informaci\u00f3n sobre esta jornada, la enfermedad y la prevenci\u00f3n, en este enlace: <a href=\"https:\/\/canalsalut.gencat.cat\/ca\/actualitat\/dies-mundials\/dia-mundial-contra-el-cancer-de-mama\/\" target=\"_blank\" rel=\"noreferrer noopener\">https:\/\/canalsalut.gencat.cat\/ca\/actualitat\/dies-mundials\/dia-mundial-contra-el-cancer-de-mama\/<\/a><\/p>\n","protected":false},"excerpt":{"rendered":"<p>Avui, 19 d\u2019octubre, \u00e9s el Dia Mundial de la Lluita contra el C\u00e0ncer de Mama i, per aquest motiu, aquest vespre il\u00b7luminarem l&#8217;Ajuntament de color rosa. La jornada t\u00e9 l\u2019objectiu &hellip; <a href=\"https:\/\/bisbalpenedes.com\/web\/2022\/10\/19\/avui-19-doctubre-es-el-dia-mundial-de-la-lluita-contra-el-cancer-de-mama\/\" class=\"more-link\">Read More<\/a><\/p>\n","protected":false},"author":4,"featured_media":23610,"comment_status":"closed","ping_status":"closed","sticky":false,"template":"","format":"standard","meta":[],"categories":[2402,8],"tags":[459,2651,5549,393,1374],"_links":{"self":[{"href":"https:\/\/bisbalpenedes.com\/web\/wp-json\/wp\/v2\/posts\/23609"}],"collection":[{"href":"https:\/\/bisbalpenedes.com\/web\/wp-json\/wp\/v2\/posts"}],"about":[{"href":"https:\/\/bisbalpenedes.com\/web\/wp-json\/wp\/v2\/types\/post"}],"author":[{"embeddable":true,"href":"https:\/\/bisbalpenedes.com\/web\/wp-json\/wp\/v2\/users\/4"}],"replies":[{"embeddable":true,"href":"https:\/\/bisbalpenedes.com\/web\/wp-json\/wp\/v2\/comments?post=23609"}],"version-history":[{"count":2,"href":"https:\/\/bisbalpenedes.com\/web\/wp-json\/wp\/v2\/posts\/23609\/revisions"}],"predecessor-version":[{"id":23612,"href":"https:\/\/bisbalpenedes.com\/web\/wp-json\/wp\/v2\/posts\/23609\/revisions\/23612"}],"wp:featuredmedia":[{"embeddable":true,"href":"https:\/\/bisbalpenedes.com\/web\/wp-json\/wp\/v2\/media\/23610"}],"wp:attachment":[{"href":"https:\/\/bisbalpenedes.com\/web\/wp-json\/wp\/v2\/media?parent=23609"}],"wp:term":[{"taxonomy":"category","embeddable":true,"href":"https:\/\/bisbalpenedes.com\/web\/wp-json\/wp\/v2\/categories?post=23609"},{"taxonomy":"post_tag","embeddable":true,"href":"https:\/\/bisbalpenedes.com\/web\/wp-json\/wp\/v2\/tags?post=23609"}],"curies":[{"name":"wp","href":"https:\/\/api.w.org\/{rel}","templated":true}]}}