{"id":23601,"date":"2022-10-15T07:00:00","date_gmt":"2022-10-15T05:00:00","guid":{"rendered":"https:\/\/bisbalpenedes.com\/web\/?p=23601"},"modified":"2022-10-14T12:12:24","modified_gmt":"2022-10-14T10:12:24","slug":"avui-illuminarem-la-facana-de-la-casa-de-la-vila-de-color-blanc-amb-motiu-del-dia-internacional-de-la-mort-gestacional-perinatal-i-neonatal","status":"publish","type":"post","link":"https:\/\/bisbalpenedes.com\/web\/2022\/10\/15\/avui-illuminarem-la-facana-de-la-casa-de-la-vila-de-color-blanc-amb-motiu-del-dia-internacional-de-la-mort-gestacional-perinatal-i-neonatal\/","title":{"rendered":"Avui il\u00b7luminarem la fa\u00e7ana de la Casa de la Vila de color blanc amb motiu del Dia Internacional de la mort gestacional, perinatal i neonatal"},"content":{"rendered":"\n<p>El dol per la mort d\u2019un fill durant l\u2019embar\u00e0s o amb pocs dies de vida \u00e9s un fet vital dolor\u00f3s que afecta moltes dones i fam\u00edlies i que, sovint, ha estat silenciat. Avui, commemorem el Dia Internacional de la mort gestacional, perinatal i neonatal il\u00b7luminant la fa\u00e7ana de la Casa de la Vila de color blanc, al vespre. Tamb\u00e9 compartim un enlla\u00e7 al web de la Generalitat on podeu trobar informaci\u00f3 i recursos sobre el Dol perinatal i gestacional: <a href=\"https:\/\/dixit.gencat.cat\/ca\/detalls\/Article\/20211214_dol_perinatal\" target=\"_blank\" rel=\"noreferrer noopener\">https:\/\/dixit.gencat.cat\/ca\/detalls\/Article\/20211214_dol_perinatal<\/a><\/p>\n\n\n\n<hr class=\"wp-block-separator has-alpha-channel-opacity\"\/>\n\n\n\n<p>El duelo por la muerte de un hijo durante el embarazo o con pocos d\u00edas de vida es un hecho vital doloroso que afecta a muchas mujeres y familias y que, a menudo, ha sido silenciado. Hoy, conmemoramos el D\u00eda Internacional de la muerte gestacional, perinatal y neonatal iluminando la fachada de la Casa de la Vila de color blanco, al anochecer. Tambi\u00e9n compartimos un enlace a la web de la Generalitat en el que podr\u00e9is encontrar informaci\u00f3n y recursos sobre el Duelo perinatal y gestacional: <a href=\"https:\/\/dixit.gencat.cat\/ca\/detalls\/Article\/20211214_dol_perinatal\" target=\"_blank\" rel=\"noreferrer noopener\">https:\/\/dixit.gencat.cat\/ca\/detalls\/Article\/20211214_dol_perinatal<\/a><\/p>\n","protected":false},"excerpt":{"rendered":"<p>El dol per la mort d\u2019un fill durant l\u2019embar\u00e0s o amb pocs dies de vida \u00e9s un fet vital dolor\u00f3s que afecta moltes dones i fam\u00edlies i que, sovint, ha &hellip; <a href=\"https:\/\/bisbalpenedes.com\/web\/2022\/10\/15\/avui-illuminarem-la-facana-de-la-casa-de-la-vila-de-color-blanc-amb-motiu-del-dia-internacional-de-la-mort-gestacional-perinatal-i-neonatal\/\" class=\"more-link\">Read More<\/a><\/p>\n","protected":false},"author":4,"featured_media":23602,"comment_status":"closed","ping_status":"closed","sticky":false,"template":"","format":"standard","meta":[],"categories":[2402,8],"tags":[5548,2804,3846,393,5545,5547,5546],"_links":{"self":[{"href":"https:\/\/bisbalpenedes.com\/web\/wp-json\/wp\/v2\/posts\/23601"}],"collection":[{"href":"https:\/\/bisbalpenedes.com\/web\/wp-json\/wp\/v2\/posts"}],"about":[{"href":"https:\/\/bisbalpenedes.com\/web\/wp-json\/wp\/v2\/types\/post"}],"author":[{"embeddable":true,"href":"https:\/\/bisbalpenedes.com\/web\/wp-json\/wp\/v2\/users\/4"}],"replies":[{"embeddable":true,"href":"https:\/\/bisbalpenedes.com\/web\/wp-json\/wp\/v2\/comments?post=23601"}],"version-history":[{"count":1,"href":"https:\/\/bisbalpenedes.com\/web\/wp-json\/wp\/v2\/posts\/23601\/revisions"}],"predecessor-version":[{"id":23603,"href":"https:\/\/bisbalpenedes.com\/web\/wp-json\/wp\/v2\/posts\/23601\/revisions\/23603"}],"wp:featuredmedia":[{"embeddable":true,"href":"https:\/\/bisbalpenedes.com\/web\/wp-json\/wp\/v2\/media\/23602"}],"wp:attachment":[{"href":"https:\/\/bisbalpenedes.com\/web\/wp-json\/wp\/v2\/media?parent=23601"}],"wp:term":[{"taxonomy":"category","embeddable":true,"href":"https:\/\/bisbalpenedes.com\/web\/wp-json\/wp\/v2\/categories?post=23601"},{"taxonomy":"post_tag","embeddable":true,"href":"https:\/\/bisbalpenedes.com\/web\/wp-json\/wp\/v2\/tags?post=23601"}],"curies":[{"name":"wp","href":"https:\/\/api.w.org\/{rel}","templated":true}]}}