{"id":23595,"date":"2022-10-14T12:01:43","date_gmt":"2022-10-14T10:01:43","guid":{"rendered":"https:\/\/bisbalpenedes.com\/web\/?p=23595"},"modified":"2022-10-14T12:03:07","modified_gmt":"2022-10-14T10:03:07","slug":"lalcaldessa-i-la-primera-tinenta-dalcaldia-han-assistit-a-la-xxv-assemblea-general-de-lacm","status":"publish","type":"post","link":"https:\/\/bisbalpenedes.com\/web\/2022\/10\/14\/lalcaldessa-i-la-primera-tinenta-dalcaldia-han-assistit-a-la-xxv-assemblea-general-de-lacm\/","title":{"rendered":"L&#8217;alcaldessa i la primera tinenta d&#8217;alcaldia han assistit a la XXV Assemblea General de l&#8217;ACM"},"content":{"rendered":"\n<figure class=\"wp-block-image size-large\"><img loading=\"lazy\" width=\"1024\" height=\"683\" src=\"https:\/\/bisbalpenedes.com\/web\/wp-content\/uploads\/2022\/10\/ASSEMBLEA-ACM-1-1024x683.jpeg\" alt=\"\" class=\"wp-image-23597\" srcset=\"https:\/\/bisbalpenedes.com\/web\/wp-content\/uploads\/2022\/10\/ASSEMBLEA-ACM-1-1024x683.jpeg 1024w, https:\/\/bisbalpenedes.com\/web\/wp-content\/uploads\/2022\/10\/ASSEMBLEA-ACM-1-300x200.jpeg 300w, https:\/\/bisbalpenedes.com\/web\/wp-content\/uploads\/2022\/10\/ASSEMBLEA-ACM-1-768x512.jpeg 768w, https:\/\/bisbalpenedes.com\/web\/wp-content\/uploads\/2022\/10\/ASSEMBLEA-ACM-1-1536x1024.jpeg 1536w, https:\/\/bisbalpenedes.com\/web\/wp-content\/uploads\/2022\/10\/ASSEMBLEA-ACM-1-600x400.jpeg 600w, https:\/\/bisbalpenedes.com\/web\/wp-content\/uploads\/2022\/10\/ASSEMBLEA-ACM-1.jpeg 2001w\" sizes=\"(max-width: 1024px) 100vw, 1024px\" \/><\/figure>\n\n\n\n<p>El passat divendres 7 d\u2019octubre es va celebrar la XXV Assemblea General de l\u2019Associaci\u00f3 Catalana de Municipis (ACM) a Molins de Rei. L\u2019alcaldessa de la Bisbal del Pened\u00e8s, Agn\u00e8s Ferr\u00e9, hi va assistir com a part de l\u2019executiva i, posteriorment, tant la batllessa com la primera tinenta d\u2019alcaldia, Judith Vidal, van assistir a l\u2019Assemblea.<\/p>\n\n\n\n<p>Durant la jornada, es va validar l\u2019activitat de l\u2019entitat municipalista durant el darrer any i la trobada tamb\u00e9 va servir per \u201creclamar mesures concretes i un fons extraordinari a l\u2019Estat espanyol per ajudar els ens locals davant l\u2019augment de les despeses produ\u00efdes pels majors costos energ\u00e8tics i la reducci\u00f3 d\u2019ingressos arran de la reforma de l\u2019impost de la plusv\u00e0lua\u201d (ACM).<\/p>\n\n\n\n<p>Podeu ampliar la informaci\u00f3 sobre l\u2019Assemblea de l\u2019ACM accedint a l\u2019enlla\u00e7:&nbsp;<a href=\"https:\/\/www.acm.cat\/actualitat\/acm-reclama-mesures-aportacio-extraordinaria-estat-fer-front-augment-despeses-ens-locals\">https:\/\/www.acm.cat\/actualitat\/acm-reclama-mesures-aportacio-extraordinaria-estat-fer-front-augment-despeses-ens-locals<\/a><\/p>\n\n\n\n<hr class=\"wp-block-separator has-alpha-channel-opacity\"\/>\n\n\n\n<p><strong>CASTELLANO | <\/strong>El pasado viernes 7 de octubre se celebr\u00f3 la XXV Asamblea General de l\u2019Associaci\u00f3 Catalana de Municipis (ACM) en Molins de Rei. La alcaldesa de la Bisbal del Pened\u00e8s, Agn\u00e8s Ferr\u00e9, asisti\u00f3 como parte de la ejecutiva y, posteriormente, tanto la alcaldesa como la primera tenienta de alcald\u00eda, Judith Vidal, asistieron a la Assemblea.<\/p>\n\n\n\n<p>Durante la jornada, se valid\u00f3 la actividad de la entidad municipalista durante el \u00faltimo a\u00f1o y el encuentro tambi\u00e9n sirvi\u00f3 para \u201creclamar medidas concretas y un fondo extraordinario al Estado espa\u00f1ol para ayudar a los entes locales ante el aumento de los gastos producidos por los mayores costes energ\u00e9ticos y la reducci\u00f3n de ingresos a ra\u00edz de la reforma del impuesto de la plusval\u00eda\u201d (ACM).<\/p>\n\n\n\n<p>Pod\u00e9is ampliar la informaci\u00f3n sobre la Asamblea de la ACM accediendo al enlace:&nbsp;<a href=\"https:\/\/www.acm.cat\/actualitat\/acm-reclama-mesures-aportacio-extraordinaria-estat-fer-front-augment-despeses-ens-locals\">https:\/\/www.acm.cat\/actualitat\/acm-reclama-mesures-aportacio-extraordinaria-estat-fer-front-augment-despeses-ens-locals<\/a><\/p>\n","protected":false},"excerpt":{"rendered":"<p>El passat divendres 7 d\u2019octubre es va celebrar la XXV Assemblea General de l\u2019Associaci\u00f3 Catalana de Municipis (ACM) a Molins de Rei. L\u2019alcaldessa de la Bisbal del Pened\u00e8s, Agn\u00e8s Ferr\u00e9, &hellip; <a href=\"https:\/\/bisbalpenedes.com\/web\/2022\/10\/14\/lalcaldessa-i-la-primera-tinenta-dalcaldia-han-assistit-a-la-xxv-assemblea-general-de-lacm\/\" class=\"more-link\">Read More<\/a><\/p>\n","protected":false},"author":4,"featured_media":23596,"comment_status":"closed","ping_status":"closed","sticky":false,"template":"","format":"standard","meta":[],"categories":[2402,2057,8],"tags":[1252,459,393,3264,1374],"_links":{"self":[{"href":"https:\/\/bisbalpenedes.com\/web\/wp-json\/wp\/v2\/posts\/23595"}],"collection":[{"href":"https:\/\/bisbalpenedes.com\/web\/wp-json\/wp\/v2\/posts"}],"about":[{"href":"https:\/\/bisbalpenedes.com\/web\/wp-json\/wp\/v2\/types\/post"}],"author":[{"embeddable":true,"href":"https:\/\/bisbalpenedes.com\/web\/wp-json\/wp\/v2\/users\/4"}],"replies":[{"embeddable":true,"href":"https:\/\/bisbalpenedes.com\/web\/wp-json\/wp\/v2\/comments?post=23595"}],"version-history":[{"count":3,"href":"https:\/\/bisbalpenedes.com\/web\/wp-json\/wp\/v2\/posts\/23595\/revisions"}],"predecessor-version":[{"id":23600,"href":"https:\/\/bisbalpenedes.com\/web\/wp-json\/wp\/v2\/posts\/23595\/revisions\/23600"}],"wp:featuredmedia":[{"embeddable":true,"href":"https:\/\/bisbalpenedes.com\/web\/wp-json\/wp\/v2\/media\/23596"}],"wp:attachment":[{"href":"https:\/\/bisbalpenedes.com\/web\/wp-json\/wp\/v2\/media?parent=23595"}],"wp:term":[{"taxonomy":"category","embeddable":true,"href":"https:\/\/bisbalpenedes.com\/web\/wp-json\/wp\/v2\/categories?post=23595"},{"taxonomy":"post_tag","embeddable":true,"href":"https:\/\/bisbalpenedes.com\/web\/wp-json\/wp\/v2\/tags?post=23595"}],"curies":[{"name":"wp","href":"https:\/\/api.w.org\/{rel}","templated":true}]}}