{"id":23587,"date":"2022-10-14T10:03:17","date_gmt":"2022-10-14T08:03:17","guid":{"rendered":"https:\/\/bisbalpenedes.com\/web\/?p=23587"},"modified":"2022-10-14T10:03:17","modified_gmt":"2022-10-14T08:03:17","slug":"aquest-dimarts-sha-comencat-a-treballar-en-lexecucio-dun-mural-de-14x2m-a-la-placa-de-lera-de-batre","status":"publish","type":"post","link":"https:\/\/bisbalpenedes.com\/web\/2022\/10\/14\/aquest-dimarts-sha-comencat-a-treballar-en-lexecucio-dun-mural-de-14x2m-a-la-placa-de-lera-de-batre\/","title":{"rendered":"Aquest dimarts s&#8217;ha comen\u00e7at a treballar en l&#8217;execuci\u00f3 d&#8217;un mural de 14x2m a la pla\u00e7a de l&#8217;Era de Batre"},"content":{"rendered":"\n<p>Des de l\u2019Ajuntament, continuem donant-li vida als espais i embellint el municipi. Aquest dimarts, l\u2019empresa Suite of Art -del bisbalenc Jaume Junqu\u00e9 Turdiu- ha comen\u00e7at a treballar en l\u2019execuci\u00f3 d\u2019un mural de 14x2m a la paret de l\u2019Era de Batre, \u00e9s a dir, per sota del consultori m\u00e8dic.<\/p>\n\n\n\n<p>Aquesta pintura, basada en fotografies i personatges reals, representa el passat de l\u2019era de batre: els pagesos deixant-hi el blat i l\u2019acci\u00f3 de batre\u2019l per separar el gra de la palla. Tamb\u00e9 s\u2019hi representen els cavalls i les mules.<\/p>\n\n\n\n<hr class=\"wp-block-separator has-alpha-channel-opacity\"\/>\n\n\n\n<p>Desde el Ayuntamiento, seguimos d\u00e1ndole vida a los espacios y embelleciendo el municipio. Este martes, la empresa Suite of Art -del bisbalense Jaume Junqu\u00e9 Turdiu- ha empezado a trabajar en la ejecuci\u00f3n de un mural de 14x2m en la pared de l\u2019Era de Batre, es decir, por debajo del consultorio m\u00e9dico.<\/p>\n\n\n\n<p>Esta pintura, basada en fotograf\u00edas y personajes reales, representa el pasado de l\u2019era de batre: los payeses dejando el trigo y la acci\u00f3n de batirlo para separar el grano de la palla. Tambi\u00e9n se representan los caballos y las mulas.<\/p>\n\n\n\n<figure class=\"wp-block-image size-large\"><img loading=\"lazy\" width=\"1024\" height=\"768\" src=\"https:\/\/bisbalpenedes.com\/web\/wp-content\/uploads\/2022\/10\/WhatsApp-Image-2022-10-14-at-08.39.54-1024x768.jpeg\" alt=\"\" class=\"wp-image-23588\" srcset=\"https:\/\/bisbalpenedes.com\/web\/wp-content\/uploads\/2022\/10\/WhatsApp-Image-2022-10-14-at-08.39.54-1024x768.jpeg 1024w, https:\/\/bisbalpenedes.com\/web\/wp-content\/uploads\/2022\/10\/WhatsApp-Image-2022-10-14-at-08.39.54-300x225.jpeg 300w, https:\/\/bisbalpenedes.com\/web\/wp-content\/uploads\/2022\/10\/WhatsApp-Image-2022-10-14-at-08.39.54-768x576.jpeg 768w, https:\/\/bisbalpenedes.com\/web\/wp-content\/uploads\/2022\/10\/WhatsApp-Image-2022-10-14-at-08.39.54-1536x1152.jpeg 1536w, https:\/\/bisbalpenedes.com\/web\/wp-content\/uploads\/2022\/10\/WhatsApp-Image-2022-10-14-at-08.39.54-600x450.jpeg 600w, https:\/\/bisbalpenedes.com\/web\/wp-content\/uploads\/2022\/10\/WhatsApp-Image-2022-10-14-at-08.39.54.jpeg 1600w\" sizes=\"(max-width: 1024px) 100vw, 1024px\" \/><\/figure>\n\n\n\n<figure class=\"wp-block-image size-large\"><img loading=\"lazy\" width=\"768\" height=\"1024\" src=\"https:\/\/bisbalpenedes.com\/web\/wp-content\/uploads\/2022\/10\/WhatsApp-Image-2022-10-13-at-19.26.17-768x1024.jpeg\" alt=\"\" class=\"wp-image-23589\" srcset=\"https:\/\/bisbalpenedes.com\/web\/wp-content\/uploads\/2022\/10\/WhatsApp-Image-2022-10-13-at-19.26.17-768x1024.jpeg 768w, https:\/\/bisbalpenedes.com\/web\/wp-content\/uploads\/2022\/10\/WhatsApp-Image-2022-10-13-at-19.26.17-225x300.jpeg 225w, https:\/\/bisbalpenedes.com\/web\/wp-content\/uploads\/2022\/10\/WhatsApp-Image-2022-10-13-at-19.26.17-1152x1536.jpeg 1152w, https:\/\/bisbalpenedes.com\/web\/wp-content\/uploads\/2022\/10\/WhatsApp-Image-2022-10-13-at-19.26.17-600x800.jpeg 600w, https:\/\/bisbalpenedes.com\/web\/wp-content\/uploads\/2022\/10\/WhatsApp-Image-2022-10-13-at-19.26.17.jpeg 1200w\" sizes=\"(max-width: 768px) 100vw, 768px\" \/><\/figure>\n\n\n\n<figure class=\"wp-block-image size-large\"><img loading=\"lazy\" width=\"1024\" height=\"768\" src=\"https:\/\/bisbalpenedes.com\/web\/wp-content\/uploads\/2022\/10\/WhatsApp-Image-2022-10-13-at-18.24.58-2-1024x768.jpeg\" alt=\"\" class=\"wp-image-23590\" srcset=\"https:\/\/bisbalpenedes.com\/web\/wp-content\/uploads\/2022\/10\/WhatsApp-Image-2022-10-13-at-18.24.58-2-1024x768.jpeg 1024w, https:\/\/bisbalpenedes.com\/web\/wp-content\/uploads\/2022\/10\/WhatsApp-Image-2022-10-13-at-18.24.58-2-300x225.jpeg 300w, https:\/\/bisbalpenedes.com\/web\/wp-content\/uploads\/2022\/10\/WhatsApp-Image-2022-10-13-at-18.24.58-2-768x576.jpeg 768w, https:\/\/bisbalpenedes.com\/web\/wp-content\/uploads\/2022\/10\/WhatsApp-Image-2022-10-13-at-18.24.58-2-1536x1152.jpeg 1536w, https:\/\/bisbalpenedes.com\/web\/wp-content\/uploads\/2022\/10\/WhatsApp-Image-2022-10-13-at-18.24.58-2-600x450.jpeg 600w, https:\/\/bisbalpenedes.com\/web\/wp-content\/uploads\/2022\/10\/WhatsApp-Image-2022-10-13-at-18.24.58-2.jpeg 1600w\" sizes=\"(max-width: 1024px) 100vw, 1024px\" \/><\/figure>\n\n\n\n<figure class=\"wp-block-image size-large\"><img loading=\"lazy\" width=\"768\" height=\"1024\" src=\"https:\/\/bisbalpenedes.com\/web\/wp-content\/uploads\/2022\/10\/WhatsApp-Image-2022-10-13-at-18.24.58-768x1024.jpeg\" alt=\"\" class=\"wp-image-23591\" srcset=\"https:\/\/bisbalpenedes.com\/web\/wp-content\/uploads\/2022\/10\/WhatsApp-Image-2022-10-13-at-18.24.58-768x1024.jpeg 768w, https:\/\/bisbalpenedes.com\/web\/wp-content\/uploads\/2022\/10\/WhatsApp-Image-2022-10-13-at-18.24.58-225x300.jpeg 225w, https:\/\/bisbalpenedes.com\/web\/wp-content\/uploads\/2022\/10\/WhatsApp-Image-2022-10-13-at-18.24.58-1152x1536.jpeg 1152w, https:\/\/bisbalpenedes.com\/web\/wp-content\/uploads\/2022\/10\/WhatsApp-Image-2022-10-13-at-18.24.58-600x800.jpeg 600w, https:\/\/bisbalpenedes.com\/web\/wp-content\/uploads\/2022\/10\/WhatsApp-Image-2022-10-13-at-18.24.58.jpeg 1536w\" sizes=\"(max-width: 768px) 100vw, 768px\" \/><\/figure>\n","protected":false},"excerpt":{"rendered":"<p>Des de l\u2019Ajuntament, continuem donant-li vida als espais i embellint el municipi. Aquest dimarts, l\u2019empresa Suite of Art -del bisbalenc Jaume Junqu\u00e9 Turdiu- ha comen\u00e7at a treballar en l\u2019execuci\u00f3 d\u2019un &hellip; <a href=\"https:\/\/bisbalpenedes.com\/web\/2022\/10\/14\/aquest-dimarts-sha-comencat-a-treballar-en-lexecucio-dun-mural-de-14x2m-a-la-placa-de-lera-de-batre\/\" class=\"more-link\">Read More<\/a><\/p>\n","protected":false},"author":4,"featured_media":23592,"comment_status":"closed","ping_status":"closed","sticky":false,"template":"","format":"standard","meta":[],"categories":[2402,8],"tags":[5543,393,2210,5211,5542,5544],"_links":{"self":[{"href":"https:\/\/bisbalpenedes.com\/web\/wp-json\/wp\/v2\/posts\/23587"}],"collection":[{"href":"https:\/\/bisbalpenedes.com\/web\/wp-json\/wp\/v2\/posts"}],"about":[{"href":"https:\/\/bisbalpenedes.com\/web\/wp-json\/wp\/v2\/types\/post"}],"author":[{"embeddable":true,"href":"https:\/\/bisbalpenedes.com\/web\/wp-json\/wp\/v2\/users\/4"}],"replies":[{"embeddable":true,"href":"https:\/\/bisbalpenedes.com\/web\/wp-json\/wp\/v2\/comments?post=23587"}],"version-history":[{"count":1,"href":"https:\/\/bisbalpenedes.com\/web\/wp-json\/wp\/v2\/posts\/23587\/revisions"}],"predecessor-version":[{"id":23593,"href":"https:\/\/bisbalpenedes.com\/web\/wp-json\/wp\/v2\/posts\/23587\/revisions\/23593"}],"wp:featuredmedia":[{"embeddable":true,"href":"https:\/\/bisbalpenedes.com\/web\/wp-json\/wp\/v2\/media\/23592"}],"wp:attachment":[{"href":"https:\/\/bisbalpenedes.com\/web\/wp-json\/wp\/v2\/media?parent=23587"}],"wp:term":[{"taxonomy":"category","embeddable":true,"href":"https:\/\/bisbalpenedes.com\/web\/wp-json\/wp\/v2\/categories?post=23587"},{"taxonomy":"post_tag","embeddable":true,"href":"https:\/\/bisbalpenedes.com\/web\/wp-json\/wp\/v2\/tags?post=23587"}],"curies":[{"name":"wp","href":"https:\/\/api.w.org\/{rel}","templated":true}]}}