{"id":23582,"date":"2022-10-13T18:53:16","date_gmt":"2022-10-13T16:53:16","guid":{"rendered":"https:\/\/bisbalpenedes.com\/web\/?p=23582"},"modified":"2022-10-13T18:53:16","modified_gmt":"2022-10-13T16:53:16","slug":"comenca-el-termini-per-presentar-propostes-per-a-la-licitacio-de-lexecucio-de-les-obres-de-construccio-i-rehabilitacio-de-la-fassina","status":"publish","type":"post","link":"https:\/\/bisbalpenedes.com\/web\/2022\/10\/13\/comenca-el-termini-per-presentar-propostes-per-a-la-licitacio-de-lexecucio-de-les-obres-de-construccio-i-rehabilitacio-de-la-fassina\/","title":{"rendered":"Comen\u00e7a el termini per presentar propostes per a la licitaci\u00f3 de l&#8217;execuci\u00f3 de les obres de construcci\u00f3 i rehabilitaci\u00f3 de la fassina"},"content":{"rendered":"\n<p>La Junta de govern d&#8217;aquest dilluns 10 d&#8217;octubre de 2022 ha aprovat la licitaci\u00f3 de les obres de construcci\u00f3 i rehabilitaci\u00f3 de la fassina.<\/p>\n\n\n\n<p>El termini per presentar propostes va del divendres 14 d&#8217;octubre al dimarts 8 de novembre de 2022 a les 13h.<\/p>\n\n\n\n<p>El termini m\u00e0xim d&#8217;execuci\u00f3 de les obres ser\u00e0 de 6 mesos. Al perfil del contractant hi trobareu tota la informaci\u00f3: <a href=\"https:\/\/contractaciopublica.gencat.cat\/ecofin_pscp\/AppJava\/notice.pscp?reqCode=viewCn&amp;idDoc=109612021&amp;lawType=\" target=\"_blank\" rel=\"noreferrer noopener\">https:\/\/contractaciopublica.gencat.cat\/ecofin_pscp\/AppJava\/notice.pscp?reqCode=viewCn&amp;idDoc=109612021&amp;lawType=<\/a><\/p>\n\n\n\n<p>El projecte d&#8217;obres es va aprovar l&#8217;abril de 2022, amb un import per a l&#8217;execuci\u00f3 de les obres de 732.360,16\u20ac (IVA incl\u00f2s). El mes de maig es va aprovar la modificaci\u00f3 de cr\u00e8dit per disposar de l&#8217;import suficient per fer front a les obres. M\u00e9s tard, al setembre, la Junta de govern va aprovar iniciar l&#8217;expedient per a la construcci\u00f3 del magatzem municipal per a la brigada, la construcci\u00f3 del local per a l&#8217;\u00fas de la colla castellera de la Bisbal i la consolidaci\u00f3, reforma i rehabilitaci\u00f3 de la torre per a l&#8217;assaig de la colla castellera. Ara, comen\u00e7a el termini per presentar propostes per a l&#8217;execuci\u00f3 de les obres de construcci\u00f3 i rehabilitaci\u00f3 de la fassina.<\/p>\n\n\n\n<p><strong>&#8212;<\/strong><\/p>\n\n\n\n<p><strong>CASTELLANO |<\/strong> La Junta de gobierno de este lunes 10 de octubre de 2022 ha aprobado la licitaci\u00f3n de las obras de construcci\u00f3n y rehabilitaci\u00f3n de la fassina.<\/p>\n\n\n\n<p>El plazo para presentar propuestas va del viernes 14 de octubre al martes 8 de noviembre de 2022 a las 13h.<\/p>\n\n\n\n<p>El plazo m\u00e1ximo de ejecuci\u00f3n de las obras ser\u00e1 de 6 meses. En el perfil del contratante encontrar\u00e9is toda la informaci\u00f3n: <a href=\"https:\/\/contractaciopublica.gencat.cat\/ecofin_pscp\/AppJava\/notice.pscp?reqCode=viewCn&amp;idDoc=109612021&amp;lawType=\" target=\"_blank\" rel=\"noreferrer noopener\">https:\/\/contractaciopublica.gencat.cat\/ecofin_pscp\/AppJava\/notice.pscp?reqCode=viewCn&amp;idDoc=109612021&amp;lawType=<\/a><\/p>\n\n\n\n<p>El proyecto de obras se aprob\u00f3 en abril del 2022, con un importe para la ejecuci\u00f3n de las obras de 732.360,16\u20ac (IVA incluido). En el mes de mayo se aprob\u00f3 la modificaci\u00f3n de cr\u00e9dito para disponer del importe suficiente para hacer frente a las obras. M\u00e1s tarde, en septiembre, la Junta de gobierno aprob\u00f3 iniciar el expediente para la construcci\u00f3n del almac\u00e9n municipal para la brigada, la construcci\u00f3n del local para el uso de la colla castellera de la Bisbal y la consolidaci\u00f3n, reforma y rehabilitaci\u00f3n de la torre para el ensayo de la colla castellera. Ahora, empieza el plazo para presentar propuestas para la ejecuci\u00f3n de las obras de construcci\u00f3n y rehabilitaci\u00f3n de la fassina.<\/p>\n","protected":false},"excerpt":{"rendered":"<p>La Junta de govern d&#8217;aquest dilluns 10 d&#8217;octubre de 2022 ha aprovat la licitaci\u00f3 de les obres de construcci\u00f3 i rehabilitaci\u00f3 de la fassina. El termini per presentar propostes va &hellip; <a href=\"https:\/\/bisbalpenedes.com\/web\/2022\/10\/13\/comenca-el-termini-per-presentar-propostes-per-a-la-licitacio-de-lexecucio-de-les-obres-de-construccio-i-rehabilitacio-de-la-fassina\/\" class=\"more-link\">Read More<\/a><\/p>\n","protected":false},"author":4,"featured_media":7002,"comment_status":"closed","ping_status":"closed","sticky":false,"template":"","format":"standard","meta":[],"categories":[13,3278,8,15],"tags":[],"_links":{"self":[{"href":"https:\/\/bisbalpenedes.com\/web\/wp-json\/wp\/v2\/posts\/23582"}],"collection":[{"href":"https:\/\/bisbalpenedes.com\/web\/wp-json\/wp\/v2\/posts"}],"about":[{"href":"https:\/\/bisbalpenedes.com\/web\/wp-json\/wp\/v2\/types\/post"}],"author":[{"embeddable":true,"href":"https:\/\/bisbalpenedes.com\/web\/wp-json\/wp\/v2\/users\/4"}],"replies":[{"embeddable":true,"href":"https:\/\/bisbalpenedes.com\/web\/wp-json\/wp\/v2\/comments?post=23582"}],"version-history":[{"count":1,"href":"https:\/\/bisbalpenedes.com\/web\/wp-json\/wp\/v2\/posts\/23582\/revisions"}],"predecessor-version":[{"id":23583,"href":"https:\/\/bisbalpenedes.com\/web\/wp-json\/wp\/v2\/posts\/23582\/revisions\/23583"}],"wp:featuredmedia":[{"embeddable":true,"href":"https:\/\/bisbalpenedes.com\/web\/wp-json\/wp\/v2\/media\/7002"}],"wp:attachment":[{"href":"https:\/\/bisbalpenedes.com\/web\/wp-json\/wp\/v2\/media?parent=23582"}],"wp:term":[{"taxonomy":"category","embeddable":true,"href":"https:\/\/bisbalpenedes.com\/web\/wp-json\/wp\/v2\/categories?post=23582"},{"taxonomy":"post_tag","embeddable":true,"href":"https:\/\/bisbalpenedes.com\/web\/wp-json\/wp\/v2\/tags?post=23582"}],"curies":[{"name":"wp","href":"https:\/\/api.w.org\/{rel}","templated":true}]}}