{"id":2358,"date":"2017-04-30T19:41:03","date_gmt":"2017-04-30T13:41:03","guid":{"rendered":"http:\/\/bisbalpenedes.com\/web\/?p=2358"},"modified":"2017-05-03T02:25:13","modified_gmt":"2017-05-02T20:25:13","slug":"la-regidoria-de-medi-ambient-duu-a-terme-una-campanya-informativa-sobre-la-recollida-selectiva","status":"publish","type":"post","link":"https:\/\/bisbalpenedes.com\/web\/2017\/04\/30\/la-regidoria-de-medi-ambient-duu-a-terme-una-campanya-informativa-sobre-la-recollida-selectiva\/","title":{"rendered":"La Regidoria de Medi Ambient duu a terme una campanya informativa sobre la recollida selectiva"},"content":{"rendered":"<p style=\"text-align: center;\"><a href=\"http:\/\/bisbalpenedes.com\/web\/wp-content\/uploads\/2017\/04\/campanya_recollida_2017_a-Recuperado.jpg\"><img loading=\"lazy\" class=\"aligncenter  wp-image-2363\" title=\"campanya_recollida_2017_a-Recuperado\" src=\"http:\/\/bisbalpenedes.com\/web\/wp-content\/uploads\/2017\/04\/campanya_recollida_2017_a-Recuperado-723x1024.jpg\" alt=\"\" width=\"378\" height=\"535\" srcset=\"https:\/\/bisbalpenedes.com\/web\/wp-content\/uploads\/2017\/04\/campanya_recollida_2017_a-Recuperado-723x1024.jpg 723w, https:\/\/bisbalpenedes.com\/web\/wp-content\/uploads\/2017\/04\/campanya_recollida_2017_a-Recuperado-600x849.jpg 600w, https:\/\/bisbalpenedes.com\/web\/wp-content\/uploads\/2017\/04\/campanya_recollida_2017_a-Recuperado-212x300.jpg 212w, https:\/\/bisbalpenedes.com\/web\/wp-content\/uploads\/2017\/04\/campanya_recollida_2017_a-Recuperado.jpg 1169w\" sizes=\"(max-width: 378px) 100vw, 378px\" \/><\/a><\/p>\n<p>La Regidoria de Medi Ambient de l\u2019Ajuntament de La Bisbal del Pened\u00e8s engega una campanya informativa amb la finalitat de conscienciar la ciutadania sobre la import\u00e0ncia de la recollida selectiva i el reciclatge en algunes urbanitzacions del municipi. Tots els dissabtes del mes de maig es duran a terme accions informatives en una carpa ubicada als punts que s\u2019indiquen a continuaci\u00f3:<\/p>\n<p>-La Miralba (Parc): 6 de maig<\/p>\n<p>-L\u2019Esplai (Local Social): 13 de maig<\/p>\n<p>-Can Gordei (Local Social): 20 de maig<\/p>\n<p>-El Priorat (Local Social): 27 de maig<\/p>\n<p>L\u2019horari d\u2019atenci\u00f3 al p\u00fablic ser\u00e0 de 10 a 13h i la ciutadania tindr\u00e0 a la seva disposici\u00f3 dos educadors ambientals que resoldran els seus dubtes sobre recollida selectiva perqu\u00e8 \u201cLa Bisbal neta, \u00e9s cosa de tots\u201d.<\/p>\n","protected":false},"excerpt":{"rendered":"<p>La Regidoria de Medi Ambient de l\u2019Ajuntament de La Bisbal del Pened\u00e8s engega una campanya informativa amb la finalitat de conscienciar la ciutadania sobre la import\u00e0ncia de la recollida selectiva &hellip; <a href=\"https:\/\/bisbalpenedes.com\/web\/2017\/04\/30\/la-regidoria-de-medi-ambient-duu-a-terme-una-campanya-informativa-sobre-la-recollida-selectiva\/\" class=\"more-link\">Read More<\/a><\/p>\n","protected":false},"author":4,"featured_media":2363,"comment_status":"closed","ping_status":"closed","sticky":false,"template":"","format":"standard","meta":[],"categories":[32],"tags":[358,198,359,276,246,357],"_links":{"self":[{"href":"https:\/\/bisbalpenedes.com\/web\/wp-json\/wp\/v2\/posts\/2358"}],"collection":[{"href":"https:\/\/bisbalpenedes.com\/web\/wp-json\/wp\/v2\/posts"}],"about":[{"href":"https:\/\/bisbalpenedes.com\/web\/wp-json\/wp\/v2\/types\/post"}],"author":[{"embeddable":true,"href":"https:\/\/bisbalpenedes.com\/web\/wp-json\/wp\/v2\/users\/4"}],"replies":[{"embeddable":true,"href":"https:\/\/bisbalpenedes.com\/web\/wp-json\/wp\/v2\/comments?post=2358"}],"version-history":[{"count":3,"href":"https:\/\/bisbalpenedes.com\/web\/wp-json\/wp\/v2\/posts\/2358\/revisions"}],"predecessor-version":[{"id":2361,"href":"https:\/\/bisbalpenedes.com\/web\/wp-json\/wp\/v2\/posts\/2358\/revisions\/2361"}],"wp:featuredmedia":[{"embeddable":true,"href":"https:\/\/bisbalpenedes.com\/web\/wp-json\/wp\/v2\/media\/2363"}],"wp:attachment":[{"href":"https:\/\/bisbalpenedes.com\/web\/wp-json\/wp\/v2\/media?parent=2358"}],"wp:term":[{"taxonomy":"category","embeddable":true,"href":"https:\/\/bisbalpenedes.com\/web\/wp-json\/wp\/v2\/categories?post=2358"},{"taxonomy":"post_tag","embeddable":true,"href":"https:\/\/bisbalpenedes.com\/web\/wp-json\/wp\/v2\/tags?post=2358"}],"curies":[{"name":"wp","href":"https:\/\/api.w.org\/{rel}","templated":true}]}}