{"id":23574,"date":"2022-10-14T07:00:00","date_gmt":"2022-10-14T05:00:00","guid":{"rendered":"https:\/\/bisbalpenedes.com\/web\/?p=23574"},"modified":"2022-10-13T13:58:43","modified_gmt":"2022-10-13T11:58:43","slug":"es-prorroga-el-contracte-per-a-la-illuminacio-de-nadal-del-municipi","status":"publish","type":"post","link":"https:\/\/bisbalpenedes.com\/web\/2022\/10\/14\/es-prorroga-el-contracte-per-a-la-illuminacio-de-nadal-del-municipi\/","title":{"rendered":"Es prorroga el contracte per a la il\u00b7luminaci\u00f3 de Nadal del municipi"},"content":{"rendered":"\n<p>La Junta de govern del passat dilluns 10 d&#8217;octubre va aprovar una pr\u00f2rroga anual del contracte del subministrament, instal\u00b7laci\u00f3, manteniment i desmuntatge de la il\u00b7luminaci\u00f3 al municipi amb motiu de les festes de Nadal.<\/p>\n\n\n\n<p>Aquest contracte se li va adjudicar, el novembre de 2021, a l&#8217;empresa Group Innion Lightin, SL per un import de 12.160,50\u20ac (IVA incl\u00f2s) amb la possibilitat de pr\u00f2rroga per a dues campanyes m\u00e9s, cadascuna amb el mateix import (12.160,50\u20ac), i ara s&#8217;ha aprovat la pr\u00f2rroga per a un any.<\/p>\n\n\n\n<hr class=\"wp-block-separator has-alpha-channel-opacity\"\/>\n\n\n\n<p><strong>CASTELLANO |<\/strong> La Junta de gobierno del pasado lunes 10 de octubre aprob\u00f3 una pr\u00f3rroga anual del contrato del suministro, instalaci\u00f3n, mantenimiento y desmontaje de la iluminaci\u00f3n en el municipio con motivo de las fiestas de Navidad.<\/p>\n\n\n\n<p>Este contrato se le adjudic\u00f3, en noviembre de 2021, a la empresa Group Innios Lightin, SL por un importe de 12.160,50\u20ac (IVA incluido) con la posibilidad de pr\u00f3rroga para dos campa\u00f1as m\u00e1s, cada una con el mismo importe (12.160,50\u20ac), y ahora se ha aprobado la pr\u00f3rroga para un a\u00f1o.<\/p>\n","protected":false},"excerpt":{"rendered":"<p>La Junta de govern del passat dilluns 10 d&#8217;octubre va aprovar una pr\u00f2rroga anual del contracte del subministrament, instal\u00b7laci\u00f3, manteniment i desmuntatge de la il\u00b7luminaci\u00f3 al municipi amb motiu de &hellip; <a href=\"https:\/\/bisbalpenedes.com\/web\/2022\/10\/14\/es-prorroga-el-contracte-per-a-la-illuminacio-de-nadal-del-municipi\/\" class=\"more-link\">Read More<\/a><\/p>\n","protected":false},"author":4,"featured_media":23578,"comment_status":"closed","ping_status":"closed","sticky":false,"template":"","format":"standard","meta":[],"categories":[8],"tags":[393,2638,5541],"_links":{"self":[{"href":"https:\/\/bisbalpenedes.com\/web\/wp-json\/wp\/v2\/posts\/23574"}],"collection":[{"href":"https:\/\/bisbalpenedes.com\/web\/wp-json\/wp\/v2\/posts"}],"about":[{"href":"https:\/\/bisbalpenedes.com\/web\/wp-json\/wp\/v2\/types\/post"}],"author":[{"embeddable":true,"href":"https:\/\/bisbalpenedes.com\/web\/wp-json\/wp\/v2\/users\/4"}],"replies":[{"embeddable":true,"href":"https:\/\/bisbalpenedes.com\/web\/wp-json\/wp\/v2\/comments?post=23574"}],"version-history":[{"count":1,"href":"https:\/\/bisbalpenedes.com\/web\/wp-json\/wp\/v2\/posts\/23574\/revisions"}],"predecessor-version":[{"id":23577,"href":"https:\/\/bisbalpenedes.com\/web\/wp-json\/wp\/v2\/posts\/23574\/revisions\/23577"}],"wp:featuredmedia":[{"embeddable":true,"href":"https:\/\/bisbalpenedes.com\/web\/wp-json\/wp\/v2\/media\/23578"}],"wp:attachment":[{"href":"https:\/\/bisbalpenedes.com\/web\/wp-json\/wp\/v2\/media?parent=23574"}],"wp:term":[{"taxonomy":"category","embeddable":true,"href":"https:\/\/bisbalpenedes.com\/web\/wp-json\/wp\/v2\/categories?post=23574"},{"taxonomy":"post_tag","embeddable":true,"href":"https:\/\/bisbalpenedes.com\/web\/wp-json\/wp\/v2\/tags?post=23574"}],"curies":[{"name":"wp","href":"https:\/\/api.w.org\/{rel}","templated":true}]}}