{"id":23567,"date":"2022-10-11T20:00:00","date_gmt":"2022-10-11T18:00:00","guid":{"rendered":"https:\/\/bisbalpenedes.com\/web\/?p=23567"},"modified":"2022-10-13T13:34:13","modified_gmt":"2022-10-13T11:34:13","slug":"propostes-aprovades-en-la-junta-de-govern-del-10-doctubre-de-2022-amb-competencies-delegades-del-ple","status":"publish","type":"post","link":"https:\/\/bisbalpenedes.com\/web\/2022\/10\/11\/propostes-aprovades-en-la-junta-de-govern-del-10-doctubre-de-2022-amb-competencies-delegades-del-ple\/","title":{"rendered":"Propostes aprovades en la Junta de Govern del 10 d\u2019octubre de 2022 amb compet\u00e8ncies delegades del Ple\u00a0"},"content":{"rendered":"\n<p>La Junta de Govern Local ordin\u00e0ria del 10 d\u2019octubre de 2022 contenia dos punts amb compet\u00e8ncia delegada del Ple a la Junta de Govern:<\/p>\n\n\n\n<ul><li>Aprovaci\u00f3 del Pla de seguretat i salut de les obres de remodelaci\u00f3 i ampliaci\u00f3 del poliesportiu municipal (fases 1.1. i 1.2) -que es correspon a la rehabilitaci\u00f3 del pavell\u00f3 i a la construcci\u00f3 dels vestuaris- i nomenament del coordinador en mat\u00e8ria de seguretat i salut.<\/li><li>Aprovar el plec de cl\u00e0usules administratives particulars, l&#8217;inici de l&#8217;expedient per a la contractaci\u00f3 de les obres de construcci\u00f3 i rehabilitaci\u00f3 de la <em>fassina<\/em> i ordenar la redacci\u00f3 del plec de cl\u00e0usules administratives particulars; la publicaci\u00f3 de l&#8217;anunci al perfil del contractant i la mesa de contractaci\u00f3.<\/li><\/ul>\n\n\n\n<p>Les sessions de la Junta de Govern Local no s\u00f3n p\u00fabliques, per\u00f2 quan actua amb compet\u00e8ncies delegades del Ple, la sessi\u00f3 se sotmet als mateixos requisits de publicitat que les Sessions del Ple, que s\u00f3n p\u00fabliques. Aix\u00ed ho va declarar la STS 161\/2013, de 26 de setembre. Per aquest motiu es van obrir les portes de la Sala de Plens a les 19:15h, per tal que hi pogu\u00e9s assistir p\u00fablic. Tamb\u00e9 es van gravar aquests punts de l\u2019ordre del dia i ara publiquem aquest v\u00eddeo per garantir la seva publicitat.<\/p>\n\n\n\n<hr class=\"wp-block-separator has-alpha-channel-opacity\"\/>\n\n\n\n<p><strong>CASTELLANO | <\/strong>La Junta de Gobierno local ordinaria del 10 de octubre de 2022 conten\u00eda dos puntos con competencia delegada del Pleno a la Junta de Gobierno:<\/p>\n\n\n\n<ul><li>Aprobaci\u00f3n del Plan de seguridad y salud de las obras de remodelaci\u00f3n y ampliaci\u00f3n del polideportivo municipal (fases 1.1. y 1.2.) -que se corresponde a la rehabilitaci\u00f3n del pabell\u00f3n y a la construcci\u00f3n de los vestuarios- y nombramiento del coordinador en materia de seguridad y salud.<\/li><\/ul>\n\n\n\n<ul><li>Aprobar el pliego de cl\u00e1usulas administrativas particulares, el inicio del expediente para la contrataci\u00f3n de las obras de construcci\u00f3n y rehabilitaci\u00f3n de la<em> fassina<\/em> y ordenar la redacci\u00f3n del pliego de cl\u00e1usulas administrativas particulares; la publicaci\u00f3n del anuncio en el perfil del contratante y la mesa de contrataci\u00f3n.<\/li><\/ul>\n\n\n\n<p>Las sesiones de la Junta de Gobierno Local no son p\u00fablicas, pero cuando act\u00faa con competencias delegadas del Pleno, la sesi\u00f3n se somete a los mismos requisitos de publicidad que las sesiones del Pleno, que son p\u00fablicas. As\u00ed lo declar\u00f3 la STS 161\/2013, de 26 de septiembre. Por este motivo, se abrieron las puertas de la Sala de Plenos a las 19:15h, con tal que pudiese asistir p\u00fablico. Tambi\u00e9n se grabaron estos puntos del orden del d\u00eda y ahora publicamos este v\u00eddeo para garantizar su publicidad.<\/p>\n","protected":false},"excerpt":{"rendered":"<p>La Junta de Govern Local ordin\u00e0ria del 10 d\u2019octubre de 2022 contenia dos punts amb compet\u00e8ncia delegada del Ple a la Junta de Govern: Aprovaci\u00f3 del Pla de seguretat i &hellip; <a href=\"https:\/\/bisbalpenedes.com\/web\/2022\/10\/11\/propostes-aprovades-en-la-junta-de-govern-del-10-doctubre-de-2022-amb-competencies-delegades-del-ple\/\" class=\"more-link\">Read More<\/a><\/p>\n","protected":false},"author":4,"featured_media":23568,"comment_status":"closed","ping_status":"closed","sticky":false,"template":"","format":"standard","meta":[],"categories":[3085,8],"tags":[],"_links":{"self":[{"href":"https:\/\/bisbalpenedes.com\/web\/wp-json\/wp\/v2\/posts\/23567"}],"collection":[{"href":"https:\/\/bisbalpenedes.com\/web\/wp-json\/wp\/v2\/posts"}],"about":[{"href":"https:\/\/bisbalpenedes.com\/web\/wp-json\/wp\/v2\/types\/post"}],"author":[{"embeddable":true,"href":"https:\/\/bisbalpenedes.com\/web\/wp-json\/wp\/v2\/users\/4"}],"replies":[{"embeddable":true,"href":"https:\/\/bisbalpenedes.com\/web\/wp-json\/wp\/v2\/comments?post=23567"}],"version-history":[{"count":2,"href":"https:\/\/bisbalpenedes.com\/web\/wp-json\/wp\/v2\/posts\/23567\/revisions"}],"predecessor-version":[{"id":23573,"href":"https:\/\/bisbalpenedes.com\/web\/wp-json\/wp\/v2\/posts\/23567\/revisions\/23573"}],"wp:featuredmedia":[{"embeddable":true,"href":"https:\/\/bisbalpenedes.com\/web\/wp-json\/wp\/v2\/media\/23568"}],"wp:attachment":[{"href":"https:\/\/bisbalpenedes.com\/web\/wp-json\/wp\/v2\/media?parent=23567"}],"wp:term":[{"taxonomy":"category","embeddable":true,"href":"https:\/\/bisbalpenedes.com\/web\/wp-json\/wp\/v2\/categories?post=23567"},{"taxonomy":"post_tag","embeddable":true,"href":"https:\/\/bisbalpenedes.com\/web\/wp-json\/wp\/v2\/tags?post=23567"}],"curies":[{"name":"wp","href":"https:\/\/api.w.org\/{rel}","templated":true}]}}