{"id":23563,"date":"2022-10-13T15:00:00","date_gmt":"2022-10-13T13:00:00","guid":{"rendered":"https:\/\/bisbalpenedes.com\/web\/?p=23563"},"modified":"2022-10-13T13:23:32","modified_gmt":"2022-10-13T11:23:32","slug":"saprova-la-contractacio-de-serveis-de-defensa-juridica-de-lajuntament","status":"publish","type":"post","link":"https:\/\/bisbalpenedes.com\/web\/2022\/10\/13\/saprova-la-contractacio-de-serveis-de-defensa-juridica-de-lajuntament\/","title":{"rendered":"S&#8217;aprova la contractaci\u00f3 de serveis de defensa jur\u00eddica de l&#8217;Ajuntament"},"content":{"rendered":"\n<p>La Junta de govern del 10 d&#8217;octubre de 2022 ha aprovat la contractaci\u00f3 de serveis de defensa jur\u00eddica per a l&#8217;Ajuntament davant del recurs d&#8217;apel\u00b7laci\u00f3 presentat per l&#8217;entitat Club Siglo XX al Tribunal Superior de Just\u00edcia de Catalunya amb l&#8217;advocada Isabel Baixeras. Aquest contracte \u00e9s dins de l&#8217;acord marc per als serveis d&#8217;assessorament legal i defensa jur\u00eddica del sistema comarcal de contractaci\u00f3 centralitzada del Consell Comarcal del Baix Pened\u00e8s, al que l&#8217;Ajuntament de la Bisbal del Pened\u00e8s est\u00e0 adherit, i t\u00e9 un cost de 1.573\u20ac (IVA incl\u00f2s).<\/p>\n\n\n\n<p>Segons ha explicat l&#8217;alcaldessa de la Bisbal del Pened\u00e8s, Agn\u00e8s Ferr\u00e9, <em>&#8220;la sent\u00e8ncia del Jutjat Contenci\u00f3s Administratiu n\u00famero 1 de Tarragona va desestimar el recurs presentat per l&#8217;entitat Club Siglo XX contra l&#8217;acord de Ple d&#8217;agost de 2020 que declarava la nul\u00b7litat de Ple dret del contracte entre Club Siglo XX i l&#8217;Ajuntament de la Bisbal del Pened\u00e8s. Ara, Club Siglo XX ha presentat un recurs d&#8217;apel\u00b7laci\u00f3 al Tribunal Superior de Just\u00edcia de Catalunya contra aquesta sent\u00e8ncia i, per aquest motiu, hem tirat endavant aquesta contractaci\u00f3&#8221;.<\/em><\/p>\n\n\n\n<hr class=\"wp-block-separator has-alpha-channel-opacity\"\/>\n\n\n\n<p><strong>CASTELLANO |<\/strong> La Junta de gobierno del 10 de octubre de 2022 ha aprobado la contrataci\u00f3n de servicios de defensa jur\u00eddica para el Ayuntamiento ante el recurso de apelaci\u00f3n presentado por la entidad Club Siglo XX en el Tribunal Superior de Justicia de Catalu\u00f1a con la abogada Isabel Baixeras. Este contrato est\u00e1 dentro del acuerdo marco para los servicios de asesoramiento legal y defensa jur\u00eddica del sistema comarcal de contrataci\u00f3n centralizada del Consell Comarcal del Baix Pened\u00e8s, al que el Ayuntamiento de la Bisbal del Pened\u00e8s est\u00e1 adherido, y tiene un coste de 1.573\u20ac (IVA incluido).<\/p>\n\n\n\n<p>Seg\u00fan ha explicado la alcaldesa de la Bisbal del Pened\u00e8s, Ang\u00e8s Ferr\u00e9, <em>&#8220;la sentencia del Juzgado Contencioso-Administrativo n\u00famero 1 de Tarragona desestim\u00f3 el recurso presentado por la entidad Club Siglo XX contra el acuerdo de Pleno de agosto de 2020 que declaraba la nulidad de Pleno derecho del contrato entre Club Siglo XX y el Ayuntamiento de la Bisbal del Pened\u00e8s. Ahora, Club Siglo XX ha presentado un recurso de apelaci\u00f3n en el Tribunal Superior de Justicia de Catalu\u00f1a contra esta sentencia y, por este motivo, llevamos a cabo esta contrataci\u00f3n&#8221;.<\/em><\/p>\n","protected":false},"excerpt":{"rendered":"<p>La Junta de govern del 10 d&#8217;octubre de 2022 ha aprovat la contractaci\u00f3 de serveis de defensa jur\u00eddica per a l&#8217;Ajuntament davant del recurs d&#8217;apel\u00b7laci\u00f3 presentat per l&#8217;entitat Club Siglo &hellip; <a href=\"https:\/\/bisbalpenedes.com\/web\/2022\/10\/13\/saprova-la-contractacio-de-serveis-de-defensa-juridica-de-lajuntament\/\" class=\"more-link\">Read More<\/a><\/p>\n","protected":false},"author":4,"featured_media":23564,"comment_status":"closed","ping_status":"closed","sticky":false,"template":"","format":"standard","meta":[],"categories":[2402,8],"tags":[],"_links":{"self":[{"href":"https:\/\/bisbalpenedes.com\/web\/wp-json\/wp\/v2\/posts\/23563"}],"collection":[{"href":"https:\/\/bisbalpenedes.com\/web\/wp-json\/wp\/v2\/posts"}],"about":[{"href":"https:\/\/bisbalpenedes.com\/web\/wp-json\/wp\/v2\/types\/post"}],"author":[{"embeddable":true,"href":"https:\/\/bisbalpenedes.com\/web\/wp-json\/wp\/v2\/users\/4"}],"replies":[{"embeddable":true,"href":"https:\/\/bisbalpenedes.com\/web\/wp-json\/wp\/v2\/comments?post=23563"}],"version-history":[{"count":1,"href":"https:\/\/bisbalpenedes.com\/web\/wp-json\/wp\/v2\/posts\/23563\/revisions"}],"predecessor-version":[{"id":23565,"href":"https:\/\/bisbalpenedes.com\/web\/wp-json\/wp\/v2\/posts\/23563\/revisions\/23565"}],"wp:featuredmedia":[{"embeddable":true,"href":"https:\/\/bisbalpenedes.com\/web\/wp-json\/wp\/v2\/media\/23564"}],"wp:attachment":[{"href":"https:\/\/bisbalpenedes.com\/web\/wp-json\/wp\/v2\/media?parent=23563"}],"wp:term":[{"taxonomy":"category","embeddable":true,"href":"https:\/\/bisbalpenedes.com\/web\/wp-json\/wp\/v2\/categories?post=23563"},{"taxonomy":"post_tag","embeddable":true,"href":"https:\/\/bisbalpenedes.com\/web\/wp-json\/wp\/v2\/tags?post=23563"}],"curies":[{"name":"wp","href":"https:\/\/api.w.org\/{rel}","templated":true}]}}