{"id":23551,"date":"2022-10-11T18:08:13","date_gmt":"2022-10-11T16:08:13","guid":{"rendered":"https:\/\/bisbalpenedes.com\/web\/?p=23551"},"modified":"2022-10-11T18:09:39","modified_gmt":"2022-10-11T16:09:39","slug":"el-dia-1-de-novembre-comenca-el-servei-de-recollida-de-residus-porta-a-porta-al-papagai","status":"publish","type":"post","link":"https:\/\/bisbalpenedes.com\/web\/2022\/10\/11\/el-dia-1-de-novembre-comenca-el-servei-de-recollida-de-residus-porta-a-porta-al-papagai\/","title":{"rendered":"El dia 1 de novembre comen\u00e7a el servei de recollida de residus &#8216;porta a porta&#8217; al Papagai"},"content":{"rendered":"\n<p>L\u2019Ajuntament de Sant Jaume dels Domenys i l\u2019Ajuntament de la Bisbal del Pened\u00e8s estan treballant en un conveni per a la recollida d\u2019escombraries porta a porta, al barri, a partir del dia 1 de novembre. Aquest servei es realitzar\u00e0 a trav\u00e9s de l\u2019Ajuntament de Sant Jaume dels Domenys. Per aquest motiu, els ve\u00efns de la zona rebran una carta durant els propers dies amb tota la informaci\u00f3 sobre aquest servei.<\/p>\n\n\n\n<p>Els ve\u00efns bisbalencs del Papagai, tot i que tindran aquesta modalitat de recollida d\u2019escombraries que es prestar\u00e0 des de l\u2019Ajuntament de Sant Jaume, es podran continuar beneficiant dels serveis municipals de recollida de voluminosos, de recollida de poda i del Punt Verd.<\/p>\n\n\n\n<hr class=\"wp-block-separator has-alpha-channel-opacity\"\/>\n\n\n\n<p>El Ayuntamiento de Sant Jaume dels Domenys y el Ayuntamiento de la Bisbal del Pened\u00e8s est\u00e1n trabajando en un convenio para la recogida de basuras puerta por puerta, en el barrio, a partir del d\u00eda 1 de noviembre. Este servicio se realizar\u00e1 a trav\u00e9s del Ayuntamiento de Sant Jaume dels Domenys. Por este motivo, los vecinos de la zona recibir\u00e1n una carta durante los pr\u00f3ximos d\u00edas con toda la informaci\u00f3n sobre este servicio.<\/p>\n\n\n\n<p>Los vecinos bisbalencs del Papagai, aunque tendr\u00e1n esta modalidad de recogida de basuras que se prestar\u00e1 desde el Ayuntamiento de Sant Jaume, se podr\u00e1n seguir beneficiando de los servicios municipales de recogida de voluminosos, de recogida de poda y del Punto Verde.<\/p>\n\n\n\n<p><\/p>\n","protected":false},"excerpt":{"rendered":"<p>L\u2019Ajuntament de Sant Jaume dels Domenys i l\u2019Ajuntament de la Bisbal del Pened\u00e8s estan treballant en un conveni per a la recollida d\u2019escombraries porta a porta, al barri, a partir &hellip; <a href=\"https:\/\/bisbalpenedes.com\/web\/2022\/10\/11\/el-dia-1-de-novembre-comenca-el-servei-de-recollida-de-residus-porta-a-porta-al-papagai\/\" class=\"more-link\">Read More<\/a><\/p>\n","protected":false},"author":4,"featured_media":23554,"comment_status":"closed","ping_status":"closed","sticky":false,"template":"","format":"standard","meta":[],"categories":[1628,3215,8],"tags":[459,1177,1479,393,1374,1730],"_links":{"self":[{"href":"https:\/\/bisbalpenedes.com\/web\/wp-json\/wp\/v2\/posts\/23551"}],"collection":[{"href":"https:\/\/bisbalpenedes.com\/web\/wp-json\/wp\/v2\/posts"}],"about":[{"href":"https:\/\/bisbalpenedes.com\/web\/wp-json\/wp\/v2\/types\/post"}],"author":[{"embeddable":true,"href":"https:\/\/bisbalpenedes.com\/web\/wp-json\/wp\/v2\/users\/4"}],"replies":[{"embeddable":true,"href":"https:\/\/bisbalpenedes.com\/web\/wp-json\/wp\/v2\/comments?post=23551"}],"version-history":[{"count":1,"href":"https:\/\/bisbalpenedes.com\/web\/wp-json\/wp\/v2\/posts\/23551\/revisions"}],"predecessor-version":[{"id":23553,"href":"https:\/\/bisbalpenedes.com\/web\/wp-json\/wp\/v2\/posts\/23551\/revisions\/23553"}],"wp:featuredmedia":[{"embeddable":true,"href":"https:\/\/bisbalpenedes.com\/web\/wp-json\/wp\/v2\/media\/23554"}],"wp:attachment":[{"href":"https:\/\/bisbalpenedes.com\/web\/wp-json\/wp\/v2\/media?parent=23551"}],"wp:term":[{"taxonomy":"category","embeddable":true,"href":"https:\/\/bisbalpenedes.com\/web\/wp-json\/wp\/v2\/categories?post=23551"},{"taxonomy":"post_tag","embeddable":true,"href":"https:\/\/bisbalpenedes.com\/web\/wp-json\/wp\/v2\/tags?post=23551"}],"curies":[{"name":"wp","href":"https:\/\/api.w.org\/{rel}","templated":true}]}}