{"id":23546,"date":"2022-10-11T11:08:28","date_gmt":"2022-10-11T09:08:28","guid":{"rendered":"https:\/\/bisbalpenedes.com\/web\/?p=23546"},"modified":"2022-10-11T13:25:34","modified_gmt":"2022-10-11T11:25:34","slug":"la-bisbal-del-penedes-ha-guanyat-poblacio-arran-de-la-pandemia-aquest-dilluns-10-doctubre-nhan-parlat-al-tn-noticies","status":"publish","type":"post","link":"https:\/\/bisbalpenedes.com\/web\/2022\/10\/11\/la-bisbal-del-penedes-ha-guanyat-poblacio-arran-de-la-pandemia-aquest-dilluns-10-doctubre-nhan-parlat-al-tn-noticies\/","title":{"rendered":"La Bisbal del Pened\u00e8s ha guanyat poblaci\u00f3 arran de la pand\u00e8mia &#8211; Aquest dilluns 10 d&#8217;octubre n&#8217;han parlat al TN Comarques"},"content":{"rendered":"\n<p>La Bisbal del Pened\u00e8s ha guanyat poblaci\u00f3 arran de la pand\u00e8mia. Ahir en van parlar al Telenot\u00edcies comarques de TV3, on van parlar del nostre municipi.<\/p>\n\n\n\n<p>Podeu veure l\u2019aparici\u00f3 de la Bisbal a partir del minut 4, aproximadament\ud83d\udc47\ud83d\udc47<br><a href=\"https:\/\/www.ccma.cat\/tv3\/alacarta\/telenoticies-comarques\/telenoticies-comarques-10102022\/video\/6179852\/\">https:\/\/www.ccma.cat\/tv3\/alacarta\/telenoticies-comarques\/telenoticies-comarques-10102022\/video\/6179852\/<\/a><\/p>\n\n\n\n<hr class=\"wp-block-separator has-alpha-channel-opacity\"\/>\n\n\n\n<p> La Bisbal del Pened\u00e8s ha ganado poblaci\u00f3n desde la pandemia. Ayer hablaron de este tema en el Telenot\u00edcies Comarques de TV3, donde hablaron de nuestro municipio.<\/p>\n\n\n\n<p>Pod\u00e9is ver la aparici\u00f3n de la Bisbal a partir del minuto 4, aproximadamente\ud83d\udc47\ud83d\udc47<br><a href=\"https:\/\/www.ccma.cat\/tv3\/alacarta\/telenoticies-comarques\/telenoticies-comarques-10102022\/video\/6179852\/\">https:\/\/www.ccma.cat\/tv3\/alacarta\/telenoticies-comarques\/telenoticies-comarques-10102022\/video\/6179852\/<\/a><\/p>\n\n\n\n<p><\/p>\n","protected":false},"excerpt":{"rendered":"<p>La Bisbal del Pened\u00e8s ha guanyat poblaci\u00f3 arran de la pand\u00e8mia. Ahir en van parlar al Telenot\u00edcies comarques de TV3, on van parlar del nostre municipi. Podeu veure l\u2019aparici\u00f3 de &hellip; <a href=\"https:\/\/bisbalpenedes.com\/web\/2022\/10\/11\/la-bisbal-del-penedes-ha-guanyat-poblacio-arran-de-la-pandemia-aquest-dilluns-10-doctubre-nhan-parlat-al-tn-noticies\/\" class=\"more-link\">Read More<\/a><\/p>\n","protected":false},"author":4,"featured_media":23547,"comment_status":"closed","ping_status":"closed","sticky":false,"template":"","format":"standard","meta":[],"categories":[2057,8],"tags":[459,5538,5537,393,1374,5536],"_links":{"self":[{"href":"https:\/\/bisbalpenedes.com\/web\/wp-json\/wp\/v2\/posts\/23546"}],"collection":[{"href":"https:\/\/bisbalpenedes.com\/web\/wp-json\/wp\/v2\/posts"}],"about":[{"href":"https:\/\/bisbalpenedes.com\/web\/wp-json\/wp\/v2\/types\/post"}],"author":[{"embeddable":true,"href":"https:\/\/bisbalpenedes.com\/web\/wp-json\/wp\/v2\/users\/4"}],"replies":[{"embeddable":true,"href":"https:\/\/bisbalpenedes.com\/web\/wp-json\/wp\/v2\/comments?post=23546"}],"version-history":[{"count":2,"href":"https:\/\/bisbalpenedes.com\/web\/wp-json\/wp\/v2\/posts\/23546\/revisions"}],"predecessor-version":[{"id":23549,"href":"https:\/\/bisbalpenedes.com\/web\/wp-json\/wp\/v2\/posts\/23546\/revisions\/23549"}],"wp:featuredmedia":[{"embeddable":true,"href":"https:\/\/bisbalpenedes.com\/web\/wp-json\/wp\/v2\/media\/23547"}],"wp:attachment":[{"href":"https:\/\/bisbalpenedes.com\/web\/wp-json\/wp\/v2\/media?parent=23546"}],"wp:term":[{"taxonomy":"category","embeddable":true,"href":"https:\/\/bisbalpenedes.com\/web\/wp-json\/wp\/v2\/categories?post=23546"},{"taxonomy":"post_tag","embeddable":true,"href":"https:\/\/bisbalpenedes.com\/web\/wp-json\/wp\/v2\/tags?post=23546"}],"curies":[{"name":"wp","href":"https:\/\/api.w.org\/{rel}","templated":true}]}}