{"id":23520,"date":"2022-10-07T08:00:00","date_gmt":"2022-10-07T06:00:00","guid":{"rendered":"https:\/\/bisbalpenedes.com\/web\/?p=23520"},"modified":"2022-10-06T21:08:40","modified_gmt":"2022-10-06T19:08:40","slug":"entrevista-a-lalcaldessa-de-la-bisbal-del-penedes-agnes-ferre-al-programa-ull-al-dia-setembre-de-2022","status":"publish","type":"post","link":"https:\/\/bisbalpenedes.com\/web\/2022\/10\/07\/entrevista-a-lalcaldessa-de-la-bisbal-del-penedes-agnes-ferre-al-programa-ull-al-dia-setembre-de-2022\/","title":{"rendered":"Entrevista a l\u2019alcaldessa de la Bisbal del Pened\u00e8s -Agn\u00e8s Ferr\u00e9- al programa \u201cUll al dia\u201d \u2013 Setembre de 2022"},"content":{"rendered":"\n<p>El programa l&#8217;Ull al dia d Etv va entrevistar l&#8217;alcaldessa de La Bisbal del Pened\u00e8s, Agn\u00e8s Ferr\u00e9, a finals del mes de setembre. L\u2019entrevista es va centrar en l\u2019estiu i la sequera; la trobada comarcal de la Gent Gran que es va celebrar a la Bisbal del Pened\u00e8s; la participaci\u00f3 de la Colla Castellera de la Bisbal del Pened\u00e8s al Concurs de Castells; d\u2019alguns dels punts tractats en el Ple ordinari del mes de setembre; i dels abocaments il\u00b7legals de deixalles.<\/p>\n\n\n\n<p>Enlla\u00e7 a l&#8217;entrevista: <a href=\"https:\/\/etv.alacarta.cat\/l-ull-al-dia\/capitol\/agnes-ferre_27092022\" target=\"_blank\" rel=\"noreferrer noopener\">https:\/\/etv.alacarta.cat\/l-ull-al-dia\/capitol\/agnes-ferre_27092022<\/a><\/p>\n\n\n\n<hr class=\"wp-block-separator has-alpha-channel-opacity\"\/>\n\n\n\n<p>El programa l&#8217;Ull al dia de ETV entrevist\u00f3 a la alcaldesa de La Bisbal Pened\u00e8s, Agn\u00e8s Ferr\u00e9, a finales del mes de septiembre. La entrevista se centr\u00f3 en el verano y la sequ\u00eda; el encuentro comarcal de la Gente Mayor que se celebr\u00f3 en la Bisbal del Pened\u00e8s; la participaci\u00f3n de la Colla Castellera de la Bisbal del Pened\u00e8s en el Concurs de Castells; de algunos de los puntos tratados en el Pleno ordinario del mes de septiembre; y de los vertidos ilegales de escombros y basura.<\/p>\n\n\n\n<p>Enlace a la entrevista: <a href=\"https:\/\/etv.alacarta.cat\/l-ull-al-dia\/capitol\/agnes-ferre_27092022\" target=\"_blank\" rel=\"noreferrer noopener\">https:\/\/etv.alacarta.cat\/l-ull-al-dia\/capitol\/agnes-ferre_27092022<\/a><\/p>\n","protected":false},"excerpt":{"rendered":"<p>El programa l&#8217;Ull al dia d Etv va entrevistar l&#8217;alcaldessa de La Bisbal del Pened\u00e8s, Agn\u00e8s Ferr\u00e9, a finals del mes de setembre. L\u2019entrevista es va centrar en l\u2019estiu i &hellip; <a href=\"https:\/\/bisbalpenedes.com\/web\/2022\/10\/07\/entrevista-a-lalcaldessa-de-la-bisbal-del-penedes-agnes-ferre-al-programa-ull-al-dia-setembre-de-2022\/\" class=\"more-link\">Read More<\/a><\/p>\n","protected":false},"author":4,"featured_media":23522,"comment_status":"closed","ping_status":"closed","sticky":false,"template":"","format":"standard","meta":[],"categories":[2057,8],"tags":[1151,2092,459,393,4999],"_links":{"self":[{"href":"https:\/\/bisbalpenedes.com\/web\/wp-json\/wp\/v2\/posts\/23520"}],"collection":[{"href":"https:\/\/bisbalpenedes.com\/web\/wp-json\/wp\/v2\/posts"}],"about":[{"href":"https:\/\/bisbalpenedes.com\/web\/wp-json\/wp\/v2\/types\/post"}],"author":[{"embeddable":true,"href":"https:\/\/bisbalpenedes.com\/web\/wp-json\/wp\/v2\/users\/4"}],"replies":[{"embeddable":true,"href":"https:\/\/bisbalpenedes.com\/web\/wp-json\/wp\/v2\/comments?post=23520"}],"version-history":[{"count":1,"href":"https:\/\/bisbalpenedes.com\/web\/wp-json\/wp\/v2\/posts\/23520\/revisions"}],"predecessor-version":[{"id":23523,"href":"https:\/\/bisbalpenedes.com\/web\/wp-json\/wp\/v2\/posts\/23520\/revisions\/23523"}],"wp:featuredmedia":[{"embeddable":true,"href":"https:\/\/bisbalpenedes.com\/web\/wp-json\/wp\/v2\/media\/23522"}],"wp:attachment":[{"href":"https:\/\/bisbalpenedes.com\/web\/wp-json\/wp\/v2\/media?parent=23520"}],"wp:term":[{"taxonomy":"category","embeddable":true,"href":"https:\/\/bisbalpenedes.com\/web\/wp-json\/wp\/v2\/categories?post=23520"},{"taxonomy":"post_tag","embeddable":true,"href":"https:\/\/bisbalpenedes.com\/web\/wp-json\/wp\/v2\/tags?post=23520"}],"curies":[{"name":"wp","href":"https:\/\/api.w.org\/{rel}","templated":true}]}}