{"id":23514,"date":"2022-10-06T20:45:53","date_gmt":"2022-10-06T18:45:53","guid":{"rendered":"https:\/\/bisbalpenedes.com\/web\/?p=23514"},"modified":"2022-10-06T20:47:18","modified_gmt":"2022-10-06T18:47:18","slug":"punt-de-la-junta-de-govern-del-proper-dilluns-10-doctubre-amb-competencia-delegada-del-ple-a-la-junta","status":"publish","type":"post","link":"https:\/\/bisbalpenedes.com\/web\/2022\/10\/06\/punt-de-la-junta-de-govern-del-proper-dilluns-10-doctubre-amb-competencia-delegada-del-ple-a-la-junta\/","title":{"rendered":"Punt de la Junta de Govern del proper dilluns 10 d&#8217;octubre amb compet\u00e8ncia delegada del Ple a la Junta"},"content":{"rendered":"\n<p>Avui dijous s\u2019ha convocat la Junta de govern per al dilluns 10 d&#8217;octubre. A la Junta de Govern del 26 de setembre es va aprovar iniciar l&#8217;expedient per la contractaci\u00f3 de les obres de construcci\u00f3 i rehabilitaci\u00f3 de la fassina i ordenar la redacci\u00f3 del plec de cl\u00e0usules administratives particulars.<\/p>\n\n\n\n<p>La proposta per la Junta del proper dilluns hi t\u00e9 relaci\u00f3 i \u00e9s tamb\u00e9 compet\u00e8ncia del Ple delegada a la Junta de govern mitjan\u00e7ant acord plenari del 4 de juliol de 2019. \u00c9s la seg\u00fcent:<\/p>\n\n\n\n<ul><li>Aprovar el plec de cl\u00e0usules administratives particulars, l&#8217;inici de l&#8217;expedient per la contractaci\u00f3 de les obres de construcci\u00f3 i rehabilitaci\u00f3 de la fassina i ordenar la redacci\u00f3 del plec de cl\u00e0usules administratives particulars; la publicaci\u00f3 de l&#8217;anunci al perfil del contractant i la mesa de contractaci\u00f3.<\/li><\/ul>\n\n\n\n<p>Les sessions de la Junta de Govern Local no s\u00f3n p\u00fabliques, per\u00f2 quan actua en compet\u00e8ncies delegades del Ple, la sessi\u00f3 es sotmet als mateixos requisits de publicitat de les sessions del Ple, que s\u00f3n p\u00fabliques. Aix\u00ed ho va declarar la STS 161\/2013, de 26 de setembre. Per aquest motiu l\u2019alcaldessa ha fet arribar la proposta als regidors de l\u2019oposici\u00f3 i tamb\u00e9 s\u2019obriran les portes de la sala de plens a les 19:15h, per tal que pugui assistir-hi p\u00fablic. Aquest punt es gravar\u00e0 i, posteriorment, es publicar\u00e0 el v\u00eddeo amb l\u2019objectiu de garantir la seva publicitat.<\/p>\n\n\n\n<hr class=\"wp-block-separator has-alpha-channel-opacity\"\/>\n\n\n\n<p><strong>CASTELLANO |&nbsp;<\/strong>Hoy jueves se ha convocado la Junta de gobierno para el lunes 10 de octubre. En la Junta de Gobierno del 26 de septiembre se aprob\u00f3 iniciar el expediente para la contrataci\u00f3n de las obras de construcci\u00f3n y rehabilitaci\u00f3n de la &#8216;fassina&#8217; y ordenar la redacci\u00f3n del pliego de cl\u00e1usulas administrativas particulares.<\/p>\n\n\n\n<p>La propuesta para la Junta del pr\u00f3ximo lunes tiene relaci\u00f3n y es tambi\u00e9n competencia del Pleno delegada a la Junta de gobierno mediante acuerdo plenario del 4 de julio de 2019. Es la siguiente:<\/p>\n\n\n\n<ul><li>Aprobar el pliego de cl\u00e1usulas administrativas particulares, el inicio del expediente para la contrataci\u00f3n de las obras de construcci\u00f3n y rehabilitaci\u00f3n de la &#8216;fassina&#8217; y ordenar la redacci\u00f3n del pliego de cl\u00e1usulas administrativas particulares; la publicaci\u00f3n que lo anuncia en el perfil del contratante y la mesa de contrataci\u00f3n.<\/li><\/ul>\n\n\n\n<p>Las sesiones de la Junta de Gobierno Local no son p\u00fablicas, pero cuando act\u00faa en competencias delegadas del Pleno, la sesi\u00f3n se somete a los mismos requisitos de publicidad que las sesiones del Pleno, que son p\u00fablicas. As\u00ed lo declar\u00f3 la STS 161\/2013, de 26 de septiembre. Por este motivo, la alcaldesa ha hecho llegar la propuesta a los concejales de la oposici\u00f3n y tambi\u00e9n se abrir\u00e1n las puertas de la sala de plenos a las 19:15h, con tal que pueda asistir p\u00fablico. Este punto se grabar\u00e1 y, posteriormente, se publicar\u00e1 el v\u00eddeo con el objetivo de garantizar su publicidad.<\/p>\n","protected":false},"excerpt":{"rendered":"<p>Avui dijous s\u2019ha convocat la Junta de govern per al dilluns 10 d&#8217;octubre. A la Junta de Govern del 26 de setembre es va aprovar iniciar l&#8217;expedient per la contractaci\u00f3 &hellip; <a href=\"https:\/\/bisbalpenedes.com\/web\/2022\/10\/06\/punt-de-la-junta-de-govern-del-proper-dilluns-10-doctubre-amb-competencia-delegada-del-ple-a-la-junta\/\" class=\"more-link\">Read More<\/a><\/p>\n","protected":false},"author":4,"featured_media":23515,"comment_status":"closed","ping_status":"closed","sticky":false,"template":"","format":"standard","meta":[],"categories":[3085,8],"tags":[5054,725,5533,686,393,3504],"_links":{"self":[{"href":"https:\/\/bisbalpenedes.com\/web\/wp-json\/wp\/v2\/posts\/23514"}],"collection":[{"href":"https:\/\/bisbalpenedes.com\/web\/wp-json\/wp\/v2\/posts"}],"about":[{"href":"https:\/\/bisbalpenedes.com\/web\/wp-json\/wp\/v2\/types\/post"}],"author":[{"embeddable":true,"href":"https:\/\/bisbalpenedes.com\/web\/wp-json\/wp\/v2\/users\/4"}],"replies":[{"embeddable":true,"href":"https:\/\/bisbalpenedes.com\/web\/wp-json\/wp\/v2\/comments?post=23514"}],"version-history":[{"count":2,"href":"https:\/\/bisbalpenedes.com\/web\/wp-json\/wp\/v2\/posts\/23514\/revisions"}],"predecessor-version":[{"id":23517,"href":"https:\/\/bisbalpenedes.com\/web\/wp-json\/wp\/v2\/posts\/23514\/revisions\/23517"}],"wp:featuredmedia":[{"embeddable":true,"href":"https:\/\/bisbalpenedes.com\/web\/wp-json\/wp\/v2\/media\/23515"}],"wp:attachment":[{"href":"https:\/\/bisbalpenedes.com\/web\/wp-json\/wp\/v2\/media?parent=23514"}],"wp:term":[{"taxonomy":"category","embeddable":true,"href":"https:\/\/bisbalpenedes.com\/web\/wp-json\/wp\/v2\/categories?post=23514"},{"taxonomy":"post_tag","embeddable":true,"href":"https:\/\/bisbalpenedes.com\/web\/wp-json\/wp\/v2\/tags?post=23514"}],"curies":[{"name":"wp","href":"https:\/\/api.w.org\/{rel}","templated":true}]}}