{"id":23507,"date":"2022-10-06T20:49:27","date_gmt":"2022-10-06T18:49:27","guid":{"rendered":"https:\/\/bisbalpenedes.com\/web\/?p=23507"},"modified":"2022-10-06T20:56:58","modified_gmt":"2022-10-06T18:56:58","slug":"els-alcaldes-del-baix-penedes-suneixen-per-lampliacio-de-lhospital-comarcal","status":"publish","type":"post","link":"https:\/\/bisbalpenedes.com\/web\/2022\/10\/06\/els-alcaldes-del-baix-penedes-suneixen-per-lampliacio-de-lhospital-comarcal\/","title":{"rendered":"Els alcaldes del Baix Pened\u00e8s s\u2019uneixen per l\u2019ampliaci\u00f3 de l\u2019Hospital Comarcal"},"content":{"rendered":"\n<p>Els 14 alcaldes del Baix Pened\u00e8s, entre ells l\u2019alcaldessa de la Bisbal del Pened\u00e8s, Agn\u00e8s Ferr\u00e9, han tirat endavant, aquest dimecres 5 d\u2019octubre, una acci\u00f3 de protesta -al davant del Departament de Salut de la Generalitat- despr\u00e9s de no rebre cap trucada ni resposta a la petici\u00f3 de reuni\u00f3 amb el Conseller de Salut davant la falta de concreci\u00f3 del Departament per afrontar la molt necess\u00e0ria ampliaci\u00f3 de l\u2019Hospital Comarcal del Baix Pened\u00e8s.<\/p>\n\n\n\n<p>Davant la protesta a les portes del departament, la Secret\u00e0ria d\u2019Atenci\u00f3 Sanit\u00e0ria i Participaci\u00f3, Meritxell Bud\u00f3, s\u2019ha reunit amb els alcaldes per tal d\u2019escoltar-los i mirar de trobar una soluci\u00f3. Els alcaldes han mostrat el seu enuig i descontentament davant d\u2019aquesta situaci\u00f3, que no es resol. Bud\u00f3 ha pres nota de les demandes i ha traslladat la voluntat de la Conselleria d\u2019atendre la demanda dels alcaldes del Baix Pened\u00e8s. A m\u00e9s s\u2019ha comprom\u00e8s a donar una resposta al m\u00e9s aviat possible.<\/p>\n\n\n\n<p>El president del Consell Comarcal del Baix Pened\u00e8s, Joan Sans, ha posat \u00e8mfasi en el fet que \u201cactualment, la p\u00e8rdua de qualitat del servei p\u00fablic de Salut al Baix Pened\u00e8s comporta una gran preocupaci\u00f3 per a la ciutadania per la manca de serveis i l\u2019obligatorietat de despla\u00e7ar-se fora de la comarca per visitar-se, com als anys 90\u201d.&nbsp;<\/p>\n\n\n\n<p>L\u2019alcaldessa de la Bisbal del Pened\u00e8s, Agn\u00e8s Ferr\u00e9, considera que \u201ctenint en compte el creixement demogr\u00e0fic de la comarca en aquests darrers vint anys, es fa del tot necess\u00e0ria una inversi\u00f3 per part del Departament de Salut per poder oferir un servei p\u00fablic de salut de qualitat al Baix Pened\u00e8s, una q\u00fcesti\u00f3 que preocupa a la ciutadania que, en molts casos, ha hagut d\u2019optar per despla\u00e7ar-se a altres poblacions per visitar-se o fer-se proves o, fins i tot, en alguns casos ha optat per rebre atenci\u00f3 privada\u201d. Ferr\u00e9 ha afegit que \u201cla comarca es mereix un servei p\u00fablic de salut de qualitat i accessible per a tothom i, aquesta inversi\u00f3, hauria de ser priorit\u00e0ria per a la Generalitat\u201d.<\/p>\n\n\n\n<figure class=\"wp-block-image size-large\"><img loading=\"lazy\" width=\"1024\" height=\"577\" src=\"https:\/\/bisbalpenedes.com\/web\/wp-content\/uploads\/2022\/10\/221005_reunio-1024x577.jpeg\" alt=\"\" class=\"wp-image-23509\" srcset=\"https:\/\/bisbalpenedes.com\/web\/wp-content\/uploads\/2022\/10\/221005_reunio-1024x577.jpeg 1024w, https:\/\/bisbalpenedes.com\/web\/wp-content\/uploads\/2022\/10\/221005_reunio-300x169.jpeg 300w, https:\/\/bisbalpenedes.com\/web\/wp-content\/uploads\/2022\/10\/221005_reunio-768x432.jpeg 768w, https:\/\/bisbalpenedes.com\/web\/wp-content\/uploads\/2022\/10\/221005_reunio-1536x865.jpeg 1536w, https:\/\/bisbalpenedes.com\/web\/wp-content\/uploads\/2022\/10\/221005_reunio-600x338.jpeg 600w, https:\/\/bisbalpenedes.com\/web\/wp-content\/uploads\/2022\/10\/221005_reunio.jpeg 2000w\" sizes=\"(max-width: 1024px) 100vw, 1024px\" \/><\/figure>\n\n\n\n<hr class=\"wp-block-separator has-alpha-channel-opacity\"\/>\n\n\n\n<p>Los 14 alcaldes del Baix Pened\u00e8s, entre ellos la alcaldesa de la Bisbal del Pened\u00e8s, Agn\u00e8s Ferr\u00e9, han llevado a cabo, este mi\u00e9rcoles 5 de octubre, una acci\u00f3n de protesta -delante del Departamento de Salud de la Generalitat- despu\u00e9s de no recibir ninguna llamada ni respuesta a la petici\u00f3n de reuni\u00f3n con el Consejero de Salud ante la falta de concreci\u00f3n del Departamento para afrontar la muy necesaria ampliaci\u00f3n del Hospital Comarcal del Baix Pened\u00e8s.<\/p>\n\n\n\n<p>Ante la protesta en las puertas del departamento, la Secretaria de Atenci\u00f3n Sanitaria y Participaci\u00f3n, Meritxell Bud\u00f3, se ha reunido con los alcaldes con tal de escucharlos e intentar encontrar una soluci\u00f3n. Los alcaldes han mostrado su enfado y descontento ante esta situaci\u00f3n, que no se resuelve. Bud\u00f3 ha tomado nota de las demandas y ha trasladado la voluntad de la Consejer\u00eda de atender la demanda de los alcaldes del Baix Pened\u00e8s. Adem\u00e1s, se ha comprometido a dar una respuesta lo antes posible.<\/p>\n\n\n\n<p>El presidente del Consell Comarcal del Baix Pened\u00e8s, Joan Sans, ha puesto \u00e9nfasis en el hecho que \u201cactualmente, la p\u00e9rdida de calidad del servicio p\u00fablico de Salut en el Baix Pened\u00e8s comporta una gran preocupaci\u00f3n para la ciudadan\u00eda por la manca de servicios, la obligatoriedad de desplazarse fuera de la comarca para visitarse, como en los a\u00f1os 90\u201d.<\/p>\n\n\n\n<p>La alcaldesa de la Bisbal del Pened\u00e8s, Agn\u00e8s Ferr\u00e9, considera que \u201cteniendo en cuenta el crecimiento demogr\u00e1fico de la comarca en estos \u00faltimos veinte a\u00f1os, se hace del todo necesaria una inversi\u00f3n por parte del Departamento de Salut para poder ofrecer un servicio p\u00fablico de salud de calidad en el Baix Pened\u00e8s, una cuesti\u00f3n que preocupa a la ciudadan\u00eda que, en muchos casos, ha tenido que optar por desplazarse a otras poblaciones para visitarse o hacerse pruebas o, incluso, en algunos casos ha optado por recibir atenci\u00f3n privada\u201d. Ferr\u00e9 ha a\u00f1adido que \u201cla comarca se merece un servicio p\u00fablico de salud de calidad y accesible para todo el mundo y, esta inversi\u00f3n, deber\u00eda ser prioritaria para la Generalitat\u201d.<\/p>\n","protected":false},"excerpt":{"rendered":"<p>Els 14 alcaldes del Baix Pened\u00e8s, entre ells l\u2019alcaldessa de la Bisbal del Pened\u00e8s, Agn\u00e8s Ferr\u00e9, han tirat endavant, aquest dimecres 5 d\u2019octubre, una acci\u00f3 de protesta -al davant del &hellip; <a href=\"https:\/\/bisbalpenedes.com\/web\/2022\/10\/06\/els-alcaldes-del-baix-penedes-suneixen-per-lampliacio-de-lhospital-comarcal\/\" class=\"more-link\">Read More<\/a><\/p>\n","protected":false},"author":4,"featured_media":23508,"comment_status":"closed","ping_status":"closed","sticky":false,"template":"","format":"standard","meta":[],"categories":[2057,8],"tags":[1511,459,5516,393,5532,145,28],"_links":{"self":[{"href":"https:\/\/bisbalpenedes.com\/web\/wp-json\/wp\/v2\/posts\/23507"}],"collection":[{"href":"https:\/\/bisbalpenedes.com\/web\/wp-json\/wp\/v2\/posts"}],"about":[{"href":"https:\/\/bisbalpenedes.com\/web\/wp-json\/wp\/v2\/types\/post"}],"author":[{"embeddable":true,"href":"https:\/\/bisbalpenedes.com\/web\/wp-json\/wp\/v2\/users\/4"}],"replies":[{"embeddable":true,"href":"https:\/\/bisbalpenedes.com\/web\/wp-json\/wp\/v2\/comments?post=23507"}],"version-history":[{"count":3,"href":"https:\/\/bisbalpenedes.com\/web\/wp-json\/wp\/v2\/posts\/23507\/revisions"}],"predecessor-version":[{"id":23518,"href":"https:\/\/bisbalpenedes.com\/web\/wp-json\/wp\/v2\/posts\/23507\/revisions\/23518"}],"wp:featuredmedia":[{"embeddable":true,"href":"https:\/\/bisbalpenedes.com\/web\/wp-json\/wp\/v2\/media\/23508"}],"wp:attachment":[{"href":"https:\/\/bisbalpenedes.com\/web\/wp-json\/wp\/v2\/media?parent=23507"}],"wp:term":[{"taxonomy":"category","embeddable":true,"href":"https:\/\/bisbalpenedes.com\/web\/wp-json\/wp\/v2\/categories?post=23507"},{"taxonomy":"post_tag","embeddable":true,"href":"https:\/\/bisbalpenedes.com\/web\/wp-json\/wp\/v2\/tags?post=23507"}],"curies":[{"name":"wp","href":"https:\/\/api.w.org\/{rel}","templated":true}]}}