{"id":23497,"date":"2022-10-05T09:42:49","date_gmt":"2022-10-05T07:42:49","guid":{"rendered":"https:\/\/bisbalpenedes.com\/web\/?p=23497"},"modified":"2022-10-05T09:42:49","modified_gmt":"2022-10-05T07:42:49","slug":"aquest-dimecres-5-doctubre-ha-pres-possessio-de-la-placa-dauxiliar-administrativa-una-de-les-candidates-classificades-en-el-proces-de-seleccio-per-concurs-oposicio","status":"publish","type":"post","link":"https:\/\/bisbalpenedes.com\/web\/2022\/10\/05\/aquest-dimecres-5-doctubre-ha-pres-possessio-de-la-placa-dauxiliar-administrativa-una-de-les-candidates-classificades-en-el-proces-de-seleccio-per-concurs-oposicio\/","title":{"rendered":"Aquest dimecres 5 d\u2019octubre ha pres possessi\u00f3 de la pla\u00e7a d\u2019auxiliar administrativa una de les candidates classificades en el proc\u00e9s de selecci\u00f3 per concurs oposici\u00f3"},"content":{"rendered":"\n<p>Aquest dimecres 5 d\u2019octubre, Ma Teresa Arbiol ha pres possessi\u00f3 de la pla\u00e7a d\u2019auxiliar administrativa en r\u00e8gim de funcion\u00e0ria de carrera, segons el Decret d\u2019alcaldia de 2 de setembre de nomenament. Des del 5 d\u2019octubre s\u2019inicien 2 mesos de prova.<\/p>\n\n\n\n<p>Un total de 60 persones van presentar-se a la convocat\u00f2ria de dues places d\u2019auxiliar administratiu\/va (grup C2) en r\u00e8gim de funcionari\/a de carrera, mitjan\u00e7ant concurs-oposici\u00f3, en el marc del proc\u00e9s d\u2019estabilitzaci\u00f3 de l\u2019ocupaci\u00f3 temporal de l\u2019Ajuntament de la Bisbal del Pened\u00e8s. De les 60 persones presentades, 7 van quedar excloses per no presentar la documentaci\u00f3 necess\u00e0ria per avaluar els requisits i m\u00e8rits de les places i 5 no van superar la prova de catal\u00e0 de nivell C1.<\/p>\n\n\n\n<p>M\u00e9s tard, el 19 de juliol, es van fer les proves d\u2019oposici\u00f3 i un total de 13 candidats i candidates van aprovar-les perqu\u00e8 van obtenir m\u00e9s de 30 punts d\u2019una puntuaci\u00f3 total de 60. El Tribunal va nomenar les candidates amb m\u00e9s puntuaci\u00f3 per ocupar les dues places d\u2019administratiu. Ara s\u2019ha incorporat la Ma Teresa Arbiol i, el passat 3 d\u2019octubre, es va incorporar la Sandra Rueda. Les onze persones restants formaran part de la borsa de treball d\u2019auxiliars administratius per cobrir vacants temporals o per atendre necessitats urgents.<\/p>\n\n\n\n<hr class=\"wp-block-separator has-alpha-channel-opacity\"\/>\n\n\n\n<p><strong>CASTELLANO | <\/strong>Este mi\u00e9rcoles 5 de octubre, Ma Teresa Arbiol ha tomado posesi\u00f3n de la plaza de auxiliar administrativa en r\u00e9gimen de funcionaria de carrera, seg\u00fan el Decreto de alcald\u00eda del 2 de septiembre de nombramiento. Desde el 5 de octubre se inician 2 meses de prueba.<\/p>\n\n\n\n<p>Un total de 60 personas se presentaron a la convocatoria de dos plazas de auxiliar administrativo\/va (grupo C2) en r\u00e9gimen de funcionario\/a de carrera, mediante concurso-oposici\u00f3n, en el marco del proceso de estabilizaci\u00f3n de la ocupaci\u00f3n temporal del Ayuntamiento de la Bisbal del Pened\u00e8s. De las 60 personas presentadas, 7 quedaron excluidas por no presentar la documentaci\u00f3n necesaria para evaluar los requisitos y m\u00e9ritos de las plazas y 5 no superaron la prueba de catal\u00e1n de nivel C1.<\/p>\n\n\n\n<p>M\u00e1s tarde, el 19 de julio, se hicieron las pruebas de oposici\u00f3n y un total de 13 candidatos y candidatas las aprobaron porque obtuvieron m\u00e1s de 30 puntos de una puntuaci\u00f3n total de 60. El Tribunal nombr\u00f3 a las candidatas con m\u00e1s puntuaci\u00f3n para ocupar las dos plazas de administrativo. Ahora se ha incorporado Ma Teresa Arbiol y, el pasado 3 de octubre, se incorpor\u00f3 Sandra Rueda. Las once personas restantes formar\u00e1n parte de la bolsa de trabajo de auxiliares administrativos para cubrir vacantes temporales o para atender necesidades urgentes.<\/p>\n","protected":false},"excerpt":{"rendered":"<p>Aquest dimecres 5 d\u2019octubre, Ma Teresa Arbiol ha pres possessi\u00f3 de la pla\u00e7a d\u2019auxiliar administrativa en r\u00e8gim de funcion\u00e0ria de carrera, segons el Decret d\u2019alcaldia de 2 de setembre de &hellip; <a href=\"https:\/\/bisbalpenedes.com\/web\/2022\/10\/05\/aquest-dimecres-5-doctubre-ha-pres-possessio-de-la-placa-dauxiliar-administrativa-una-de-les-candidates-classificades-en-el-proces-de-seleccio-per-concurs-oposicio\/\" class=\"more-link\">Read More<\/a><\/p>\n","protected":false},"author":4,"featured_media":23498,"comment_status":"closed","ping_status":"closed","sticky":false,"template":"","format":"standard","meta":[],"categories":[2402,8],"tags":[5229,2456,5530,5531],"_links":{"self":[{"href":"https:\/\/bisbalpenedes.com\/web\/wp-json\/wp\/v2\/posts\/23497"}],"collection":[{"href":"https:\/\/bisbalpenedes.com\/web\/wp-json\/wp\/v2\/posts"}],"about":[{"href":"https:\/\/bisbalpenedes.com\/web\/wp-json\/wp\/v2\/types\/post"}],"author":[{"embeddable":true,"href":"https:\/\/bisbalpenedes.com\/web\/wp-json\/wp\/v2\/users\/4"}],"replies":[{"embeddable":true,"href":"https:\/\/bisbalpenedes.com\/web\/wp-json\/wp\/v2\/comments?post=23497"}],"version-history":[{"count":1,"href":"https:\/\/bisbalpenedes.com\/web\/wp-json\/wp\/v2\/posts\/23497\/revisions"}],"predecessor-version":[{"id":23499,"href":"https:\/\/bisbalpenedes.com\/web\/wp-json\/wp\/v2\/posts\/23497\/revisions\/23499"}],"wp:featuredmedia":[{"embeddable":true,"href":"https:\/\/bisbalpenedes.com\/web\/wp-json\/wp\/v2\/media\/23498"}],"wp:attachment":[{"href":"https:\/\/bisbalpenedes.com\/web\/wp-json\/wp\/v2\/media?parent=23497"}],"wp:term":[{"taxonomy":"category","embeddable":true,"href":"https:\/\/bisbalpenedes.com\/web\/wp-json\/wp\/v2\/categories?post=23497"},{"taxonomy":"post_tag","embeddable":true,"href":"https:\/\/bisbalpenedes.com\/web\/wp-json\/wp\/v2\/tags?post=23497"}],"curies":[{"name":"wp","href":"https:\/\/api.w.org\/{rel}","templated":true}]}}