{"id":23491,"date":"2022-10-05T17:00:00","date_gmt":"2022-10-05T15:00:00","guid":{"rendered":"https:\/\/bisbalpenedes.com\/web\/?p=23491"},"modified":"2022-10-06T14:06:05","modified_gmt":"2022-10-06T12:06:05","slug":"ja-sha-publicat-ledicio-dels-mesos-de-setembre-i-octubre-de-2022-de-la-revista-municipal-torre-de-guaita","status":"publish","type":"post","link":"https:\/\/bisbalpenedes.com\/web\/2022\/10\/05\/ja-sha-publicat-ledicio-dels-mesos-de-setembre-i-octubre-de-2022-de-la-revista-municipal-torre-de-guaita\/","title":{"rendered":"Ja s&#8217;ha publicat l&#8217;edici\u00f3 dels mesos de setembre i octubre de 2022 de la revista municipal Torre de Guaita"},"content":{"rendered":"\n<p>Ja s&#8217;ha publicat l&#8217;edici\u00f3 dels mesos de setembre i octubre de 2022 de la revista municipal Torre de Guaita i s&#8217;ha comen\u00e7at a repartir el format en paper. En aquesta edici\u00f3, la revista estrena un nou disseny!<\/p>\n\n\n\n<p>Quid Comunicaci\u00f3 SL va ser l&#8217;empresa guanyadora de la licitaci\u00f3 del servei de redacci\u00f3, maquetaci\u00f3 i impressi\u00f3 de la revista municipal per un termini de 2 anys + pr\u00f2rroga de 2 anys.<\/p>\n\n\n\n<p><strong>Fe d&#8217;errates<\/strong>: a la p\u00e0gina 17, al punt &#8220;aprovaci\u00f3 del Compte General de l&#8217;Exercici 2021&#8221; del Ple Municipal Ordinari del 19 de setembre del 2022, la votaci\u00f3 del PSC \u00e9s abstenci\u00f3. A la revista hi ha una errada, ja que hi diu que va votar en contra.<\/p>\n\n\n\n<p>Us podeu descarregar la revista en format digital, <a href=\"https:\/\/bisbalpenedes.com\/web\/wp-content\/uploads\/2022\/10\/Torre_de_Guaita_49-Setembre-Octubre-2022.pdf\" target=\"_blank\" rel=\"noreferrer noopener\">aqu\u00ed.<\/a><\/p>\n\n\n\n<hr class=\"wp-block-separator has-alpha-channel-opacity\"\/>\n\n\n\n<p><strong>CASTELLANO |&nbsp;<\/strong>Ya se ha publicado la edici\u00f3n de los meses de septiembre y octubre de 2022 de la revista municipal Torre de Guaita y se ha empezado a repartir el formato en papel. En esta edici\u00f3n, \u00a1La revista estrena un nuevo dise\u00f1o!<\/p>\n\n\n\n<p>Quid Comunicaci\u00f3 SL fue la empresa ganadora de la licitaci\u00f3n del servicio de redacci\u00f3n, maquetaci\u00f3n e impresi\u00f3n de la revista municipal por un plazo de 2 a\u00f1os + pr\u00f3rroga de 2 a\u00f1os.<\/p>\n\n\n\n<p><strong>Fe de erratas: <\/strong>en la p\u00e1gina 17, en el punto &#8220;aprobaci\u00f3n de la Cuenta General del Ejercicio 2021&#8221; del Pleno Municipal Ordinario del 19 de septiembre de 2022, la votaci\u00f3n del PSC es abstenci\u00f3n. En la revista hay un error, ya que pone que vot\u00f3 en contra.<\/p>\n\n\n\n<p>Os pod\u00e9is descargar la revista en formato digital, <a href=\"https:\/\/bisbalpenedes.com\/web\/wp-content\/uploads\/2022\/10\/Torre_de_Guaita_49-Setembre-Octubre-2022.pdf\">a<\/a><a href=\"https:\/\/bisbalpenedes.com\/web\/wp-content\/uploads\/2022\/10\/Torre_de_Guaita_49-Setembre-Octubre-2022.pdf\" target=\"_blank\" rel=\"noreferrer noopener\">qu\u00ed.<\/a><\/p>\n","protected":false},"excerpt":{"rendered":"<p>Ja s&#8217;ha publicat l&#8217;edici\u00f3 dels mesos de setembre i octubre de 2022 de la revista municipal Torre de Guaita i s&#8217;ha comen\u00e7at a repartir el format en paper. En aquesta &hellip; <a href=\"https:\/\/bisbalpenedes.com\/web\/2022\/10\/05\/ja-sha-publicat-ledicio-dels-mesos-de-setembre-i-octubre-de-2022-de-la-revista-municipal-torre-de-guaita\/\" class=\"more-link\">Read More<\/a><\/p>\n","protected":false},"author":4,"featured_media":23493,"comment_status":"closed","ping_status":"closed","sticky":false,"template":"","format":"standard","meta":[],"categories":[8,2607],"tags":[393,2609,2608],"_links":{"self":[{"href":"https:\/\/bisbalpenedes.com\/web\/wp-json\/wp\/v2\/posts\/23491"}],"collection":[{"href":"https:\/\/bisbalpenedes.com\/web\/wp-json\/wp\/v2\/posts"}],"about":[{"href":"https:\/\/bisbalpenedes.com\/web\/wp-json\/wp\/v2\/types\/post"}],"author":[{"embeddable":true,"href":"https:\/\/bisbalpenedes.com\/web\/wp-json\/wp\/v2\/users\/4"}],"replies":[{"embeddable":true,"href":"https:\/\/bisbalpenedes.com\/web\/wp-json\/wp\/v2\/comments?post=23491"}],"version-history":[{"count":4,"href":"https:\/\/bisbalpenedes.com\/web\/wp-json\/wp\/v2\/posts\/23491\/revisions"}],"predecessor-version":[{"id":23512,"href":"https:\/\/bisbalpenedes.com\/web\/wp-json\/wp\/v2\/posts\/23491\/revisions\/23512"}],"wp:featuredmedia":[{"embeddable":true,"href":"https:\/\/bisbalpenedes.com\/web\/wp-json\/wp\/v2\/media\/23493"}],"wp:attachment":[{"href":"https:\/\/bisbalpenedes.com\/web\/wp-json\/wp\/v2\/media?parent=23491"}],"wp:term":[{"taxonomy":"category","embeddable":true,"href":"https:\/\/bisbalpenedes.com\/web\/wp-json\/wp\/v2\/categories?post=23491"},{"taxonomy":"post_tag","embeddable":true,"href":"https:\/\/bisbalpenedes.com\/web\/wp-json\/wp\/v2\/tags?post=23491"}],"curies":[{"name":"wp","href":"https:\/\/api.w.org\/{rel}","templated":true}]}}