{"id":2349,"date":"2017-04-29T17:55:31","date_gmt":"2017-04-29T11:55:31","guid":{"rendered":"http:\/\/bisbalpenedes.com\/web\/?p=2349"},"modified":"2017-04-30T18:03:02","modified_gmt":"2017-04-30T12:03:02","slug":"lescola-ull-de-vent-ha-celebrat-aquesta-setmana-les-seves-jornades-culturals-dedicades-a-la-pedra-seca","status":"publish","type":"post","link":"https:\/\/bisbalpenedes.com\/web\/2017\/04\/29\/lescola-ull-de-vent-ha-celebrat-aquesta-setmana-les-seves-jornades-culturals-dedicades-a-la-pedra-seca\/","title":{"rendered":"L&#8217;Escola Ull de Vent ha celebrat aquesta setmana les seves Jornades Culturals dedicades a la Pedra Seca"},"content":{"rendered":"<p style=\"text-align: center;\"><a href=\"http:\/\/bisbalpenedes.com\/web\/wp-content\/uploads\/2017\/04\/GRAN-SARDANA.jpg\"><img loading=\"lazy\" class=\"aligncenter  wp-image-2350\" title=\"GRAN SARDANA\" src=\"http:\/\/bisbalpenedes.com\/web\/wp-content\/uploads\/2017\/04\/GRAN-SARDANA-1024x682.jpg\" alt=\"\" width=\"504\" height=\"335\" srcset=\"https:\/\/bisbalpenedes.com\/web\/wp-content\/uploads\/2017\/04\/GRAN-SARDANA-1024x682.jpg 1024w, https:\/\/bisbalpenedes.com\/web\/wp-content\/uploads\/2017\/04\/GRAN-SARDANA-600x400.jpg 600w, https:\/\/bisbalpenedes.com\/web\/wp-content\/uploads\/2017\/04\/GRAN-SARDANA-300x200.jpg 300w\" sizes=\"(max-width: 504px) 100vw, 504px\" \/><\/a><\/p>\n<p>Aquesta setmana l\u2019Escola Ull de Vent ha dut a terme les seves Jornades Culturals, dedicades a la Pedra Seca, que han comptat amb la participaci\u00f3 i assessorament de diferents entitats i persones vinculades a aquest patrimoni i a aquesta t\u00e8cnica de construcci\u00f3. Les jornades van comen\u00e7ar el 25 d\u2019abril amb una ballada de sardanes organitzada des de l\u2019Ajuntament i la Lira Vendrellenca que permetia als alumnes aprendre els passos b\u00e0sics de la dansa tradicional catalana. Precisament, un dels moments m\u00e9s bonics que deixava la setmana era la imatge de la ballada de germanor que unia alumnes, mestres i fam\u00edlies en una gran rotllana que ocupava tot el pati de l\u2019escola. L\u2019AMPA i l\u2019Ajuntament tamb\u00e9 van col\u00b7laborar en aquesta jornada amb un pica-pica per als alumnes.<\/p>\n<p>Durant la setmana els alumnes podien gaudir d\u2019activitats com ara jocs tradicionals, tallers de construcci\u00f3 de marges de pedra o de pintar pedres, audicions musicals, rutes de la pedra seca pel municipi, contacontes, treballs manuals o una gimcana, entre d\u2019altres. Des de l\u2019Escola Ull de Vent s\u2019han mostrat molt agra\u00efts amb la bona acollida que han tingut les activitats i amb la gran aflu\u00e8ncia de fam\u00edlies que ha participat en els actes.<\/p>\n<p>Amb motiu de les Jornades Culturals de l\u2019Escola des de l\u2019Ajuntament i la Diputaci\u00f3 de Tarragona s\u2019ha organitzat l\u2019exposici\u00f3 \u201cPedra Seca al Camp de Tarragona i les Terres de l\u2019Ebre. Patrimoni i Paisatge\u201d. Aquesta mostra, que durant la setmana han visitat els alumnes de l\u2019escola, est\u00e0 oberta tamb\u00e9 al p\u00fablic general. Es pot visitar al Centre Municipal de Cultura (CMC) fins al dissabte 6 de maig.<\/p>\n<p style=\"text-align: center;\"><a href=\"http:\/\/bisbalpenedes.com\/web\/wp-content\/uploads\/2017\/04\/expo-pedra-seca.jpg\"><img loading=\"lazy\" class=\"aligncenter  wp-image-2351\" title=\"expo pedra seca\" src=\"http:\/\/bisbalpenedes.com\/web\/wp-content\/uploads\/2017\/04\/expo-pedra-seca.jpg\" alt=\"\" width=\"407\" height=\"576\" srcset=\"https:\/\/bisbalpenedes.com\/web\/wp-content\/uploads\/2017\/04\/expo-pedra-seca.jpg 678w, https:\/\/bisbalpenedes.com\/web\/wp-content\/uploads\/2017\/04\/expo-pedra-seca-600x850.jpg 600w, https:\/\/bisbalpenedes.com\/web\/wp-content\/uploads\/2017\/04\/expo-pedra-seca-211x300.jpg 211w\" sizes=\"(max-width: 407px) 100vw, 407px\" \/><\/a><\/p>\n","protected":false},"excerpt":{"rendered":"<p>Aquesta setmana l\u2019Escola Ull de Vent ha dut a terme les seves Jornades Culturals, dedicades a la Pedra Seca, que han comptat amb la participaci\u00f3 i assessorament de diferents entitats &hellip; <a href=\"https:\/\/bisbalpenedes.com\/web\/2017\/04\/29\/lescola-ull-de-vent-ha-celebrat-aquesta-setmana-les-seves-jornades-culturals-dedicades-a-la-pedra-seca\/\" class=\"more-link\">Read More<\/a><\/p>\n","protected":false},"author":4,"featured_media":2350,"comment_status":"closed","ping_status":"closed","sticky":false,"template":"","format":"standard","meta":[],"categories":[13,16],"tags":[230,355,225,65,86,353,352,85,354,222],"_links":{"self":[{"href":"https:\/\/bisbalpenedes.com\/web\/wp-json\/wp\/v2\/posts\/2349"}],"collection":[{"href":"https:\/\/bisbalpenedes.com\/web\/wp-json\/wp\/v2\/posts"}],"about":[{"href":"https:\/\/bisbalpenedes.com\/web\/wp-json\/wp\/v2\/types\/post"}],"author":[{"embeddable":true,"href":"https:\/\/bisbalpenedes.com\/web\/wp-json\/wp\/v2\/users\/4"}],"replies":[{"embeddable":true,"href":"https:\/\/bisbalpenedes.com\/web\/wp-json\/wp\/v2\/comments?post=2349"}],"version-history":[{"count":2,"href":"https:\/\/bisbalpenedes.com\/web\/wp-json\/wp\/v2\/posts\/2349\/revisions"}],"predecessor-version":[{"id":2353,"href":"https:\/\/bisbalpenedes.com\/web\/wp-json\/wp\/v2\/posts\/2349\/revisions\/2353"}],"wp:featuredmedia":[{"embeddable":true,"href":"https:\/\/bisbalpenedes.com\/web\/wp-json\/wp\/v2\/media\/2350"}],"wp:attachment":[{"href":"https:\/\/bisbalpenedes.com\/web\/wp-json\/wp\/v2\/media?parent=2349"}],"wp:term":[{"taxonomy":"category","embeddable":true,"href":"https:\/\/bisbalpenedes.com\/web\/wp-json\/wp\/v2\/categories?post=2349"},{"taxonomy":"post_tag","embeddable":true,"href":"https:\/\/bisbalpenedes.com\/web\/wp-json\/wp\/v2\/tags?post=2349"}],"curies":[{"name":"wp","href":"https:\/\/api.w.org\/{rel}","templated":true}]}}