{"id":23486,"date":"2022-10-04T20:05:56","date_gmt":"2022-10-04T18:05:56","guid":{"rendered":"https:\/\/bisbalpenedes.com\/web\/?p=23486"},"modified":"2022-10-04T20:07:51","modified_gmt":"2022-10-04T18:07:51","slug":"ja-es-pot-visitar-en-nou-plafo-informatiu-del-soldat-desconegut-i-properament-sinaugurara-un-nou-espai-de-memoria-historica-al-cementiri-municipal","status":"publish","type":"post","link":"https:\/\/bisbalpenedes.com\/web\/2022\/10\/04\/ja-es-pot-visitar-en-nou-plafo-informatiu-del-soldat-desconegut-i-properament-sinaugurara-un-nou-espai-de-memoria-historica-al-cementiri-municipal\/","title":{"rendered":"Ja es pot visitar el nou plaf\u00f3 informatiu del Soldat Desconegut i properament s\u2019inaugurar\u00e0 un nou espai de mem\u00f2ria hist\u00f2rica al cementiri municipal"},"content":{"rendered":"\n<p>La Regidoria de Cultura de l\u2019Ajuntament de la Bisbal del Pened\u00e8s est\u00e0 treballant per la dignificaci\u00f3 i difusi\u00f3 dels espais de resist\u00e8ncia i repressi\u00f3 existents al municipi que han estat vinculats a la mem\u00f2ria democr\u00e0tica de Catalunya. Per aix\u00f2, des d\u2019aquest setembre ja es pot veure un nou plaf\u00f3 informatiu del Soldat Desconegut, ubicat al Passeig Llu\u00eds Companys, on es fa difusi\u00f3 de la mem\u00f2ria dels fets de resist\u00e8ncia a l\u2019ocupaci\u00f3 de l\u2019ex\u00e8rcit franquista que van tenir lloc a la Bisbal del Pened\u00e8s el gener de 1939, ja que l\u2019anterior suport es trobava en un estat de conservaci\u00f3 p\u00e8ssim que el feia totalment illegible el seu contingut. Val a dir que aquest punt forma part de la Xarxa d\u2019Espais de Mem\u00f2ria de Catalunya i de la Ruta del Front al Pened\u00e8s amb la identificaci\u00f3 m16.<\/p>\n\n\n\n<p>D\u2019altra banda, properament s\u2019inaugurar\u00e0 un nou espai de mem\u00f2ria del cementiri municipal, on s\u2019hi ha instal\u00b7lat un faristol que informa sobre la repressi\u00f3 viscuda al municipi. Al Mapa de Fosses documentades per la Generalitat (fosses amb restes de la Guerra Civil), es localitzen quatre fosses ubicades en diferents punts de la Bisbal, la m\u00e9s gran de les quals est\u00e0 ubicada al cementiri.<\/p>\n\n\n\n<p>Tant el plaf\u00f3 informatiu del Soldat Desconegut com el faristol del cementiri, compten amb un discurs historiogr\u00e0fic elaborat des de l\u2019Institut d\u2019Estudis Penedesencs, impulsors del projecte de recuperaci\u00f3 de la mem\u00f2ria hist\u00f2rica &#8220;Tots els Noms\u201d. L\u2019execuci\u00f3 ha anat a c\u00e0rrec de l\u2019empresa especialitzada CatPatrimoni, segons els par\u00e0metres exigits per poder ser inclosos com a espais de mem\u00f2ria del Memorial Democr\u00e0tic.<\/p>\n\n\n\n<p>Ambdues intervencions han suposat una despesa total de 4.283,40\u20ac, dels quals un 50% han estat abonats per la Generalitat de Catalunya gr\u00e0cies a la subvenci\u00f3 per als projectes de recuperaci\u00f3 de la mem\u00f2ria democr\u00e0tica sol\u00b7licitada des dels serveis de Cultura de l\u2019Ajuntament.&nbsp;<\/p>\n\n\n\n<p>L\u2019Ajuntament de la Bisbal del Pened\u00e8s t\u00e9 present la seva obligaci\u00f3 moral de mantenir i difondre la mem\u00f2ria democr\u00e0tica, oferint a les noves generacions espais on poder aprendre i reflexionar sobre la import\u00e0ncia de ser conscients de l\u2019exist\u00e8ncia del sistema democr\u00e0tic i fer valdre l\u2019esfor\u00e7 i el patiment de les anteriors generacions per tal d\u2019assolir una democr\u00e0cia com l\u2019actual. L\u2019objectiu \u00e9s que aquests espais puguin ser visitats pels ve\u00efns del municipi i de la comarca, per persones interessades en la hist\u00f2ria o que facin rutes pel territori, per\u00f2 tamb\u00e9 per l\u2019alumnat dels centres escolars de prim\u00e0ria i secund\u00e0ria del municipi.<\/p>\n\n\n\n<hr class=\"wp-block-separator has-alpha-channel-opacity\"\/>\n\n\n\n<p><strong>CASTELLANO<\/strong> | La Concejal\u00eda de Cultura del Ayuntamiento de la Bisbal del Pened\u00e8s est\u00e1 trabajando por la dignificaci\u00f3n y difusi\u00f3n de los espacios de resistencia y represi\u00f3n existentes en el municipio que han sido vinculados a la memoria democr\u00e1tica de Catalu\u00f1a. Por eso, desde este septiembre ya se puede ver un nuevo plaf\u00f3n informativo del Soldado Desconocido, ubicado en el Passeig Llu\u00eds Companys, en el que se hace difusi\u00f3n de la memoria de los hechos de resistencia a la ocupaci\u00f3n del ej\u00e9rcito franquista que tuvieron lugar en la Bisbal del Pened\u00e8s en enero del 1939, ya que el anterior soporte estaba en un estado de conservaci\u00f3n p\u00e9simo que hac\u00eda totalmente ilegible su contenido. Cabe decir que este punto forma parte de la Red de Espacios de Memoria de Catalu\u00f1a y de la Ruta del Frente en el Pened\u00e8s con al identificaci\u00f3n m16.<\/p>\n\n\n\n<p>Por otro lado, pr\u00f3ximamente se inaugurar\u00e1 un nuevo espacio de memoria del cementerio municipal, donde se ha instalado un atril que informa sobre la represi\u00f3n vivida en el municipio. En el Mapa de Fosas documentadas por la Generalitat (fosas con restos de la Guerra Civil), se localizan cuatro fosas ubicadas en distintos puntos de la Bisbal, la mayor de las cuales est\u00e1 ubicada en el cementerio.<\/p>\n\n\n\n<p>Tanto el plaf\u00f3n informativo del Soldado Desconocido como el atril del cementerio, cuentan con un discurso historiogr\u00e1fico elaborado desde el Institut d\u2019Estudis Penedesencs, impulsores del proyecto de recuperaci\u00f3n de la memoria hist\u00f3rica \u201cTots els Noms\u201d. La ejecuci\u00f3n ha ido a cargo de la empresa especializada CatPatrimoni, seg\u00fan los par\u00e1metros exigidos para poder ser incluidos como espacios de memoria del Memorial Democr\u00e1tico.<\/p>\n\n\n\n<p>Ambas intervenciones han supuesto un gasto total de 4.283,40\u20ac, de los cuales un 50% han sido abonados por la Generalitat de Catalu\u00f1a gracias a la subvenci\u00f3n para los proyectos de recuperaci\u00f3n de la memoria democr\u00e1tica solicitada desde los servicios de Cultura del Ayuntamiento.<\/p>\n\n\n\n<p>El Ayuntamiento de la Bisbal del Pened\u00e8s tiene presente su obligaci\u00f3n moral de mantener y difundir la memoria democr\u00e1tica, ofreciendo a las nuevas generaciones espacios en los que poder aprender y reflexionar sobre la importancia de ser conscientes de la existencia del sistema democr\u00e1tico y poner en valor el esfuerzo y el sufrimiento de las anteriores generaciones con tal de alcanzar una democracia como la actual. El objetivo es que estos espacios puedan ser visitados por los vecinos del municipio y de la comarca, por personas interesadas en la historia o que hagan rutas por el territorio, pero tambi\u00e9n por el alumnado de los centros escolares de primaria y secundaria del municipio.&nbsp;<\/p>\n","protected":false},"excerpt":{"rendered":"<p>La Regidoria de Cultura de l\u2019Ajuntament de la Bisbal del Pened\u00e8s est\u00e0 treballant per la dignificaci\u00f3 i difusi\u00f3 dels espais de resist\u00e8ncia i repressi\u00f3 existents al municipi que han estat &hellip; <a href=\"https:\/\/bisbalpenedes.com\/web\/2022\/10\/04\/ja-es-pot-visitar-en-nou-plafo-informatiu-del-soldat-desconegut-i-properament-sinaugurara-un-nou-espai-de-memoria-historica-al-cementiri-municipal\/\" class=\"more-link\">Read More<\/a><\/p>\n","protected":false},"author":4,"featured_media":23487,"comment_status":"closed","ping_status":"closed","sticky":false,"template":"","format":"standard","meta":[],"categories":[13,8],"tags":[2646,393,5143,5528,5529,5144,99],"_links":{"self":[{"href":"https:\/\/bisbalpenedes.com\/web\/wp-json\/wp\/v2\/posts\/23486"}],"collection":[{"href":"https:\/\/bisbalpenedes.com\/web\/wp-json\/wp\/v2\/posts"}],"about":[{"href":"https:\/\/bisbalpenedes.com\/web\/wp-json\/wp\/v2\/types\/post"}],"author":[{"embeddable":true,"href":"https:\/\/bisbalpenedes.com\/web\/wp-json\/wp\/v2\/users\/4"}],"replies":[{"embeddable":true,"href":"https:\/\/bisbalpenedes.com\/web\/wp-json\/wp\/v2\/comments?post=23486"}],"version-history":[{"count":2,"href":"https:\/\/bisbalpenedes.com\/web\/wp-json\/wp\/v2\/posts\/23486\/revisions"}],"predecessor-version":[{"id":23489,"href":"https:\/\/bisbalpenedes.com\/web\/wp-json\/wp\/v2\/posts\/23486\/revisions\/23489"}],"wp:featuredmedia":[{"embeddable":true,"href":"https:\/\/bisbalpenedes.com\/web\/wp-json\/wp\/v2\/media\/23487"}],"wp:attachment":[{"href":"https:\/\/bisbalpenedes.com\/web\/wp-json\/wp\/v2\/media?parent=23486"}],"wp:term":[{"taxonomy":"category","embeddable":true,"href":"https:\/\/bisbalpenedes.com\/web\/wp-json\/wp\/v2\/categories?post=23486"},{"taxonomy":"post_tag","embeddable":true,"href":"https:\/\/bisbalpenedes.com\/web\/wp-json\/wp\/v2\/tags?post=23486"}],"curies":[{"name":"wp","href":"https:\/\/api.w.org\/{rel}","templated":true}]}}