{"id":23478,"date":"2022-10-04T19:28:17","date_gmt":"2022-10-04T17:28:17","guid":{"rendered":"https:\/\/bisbalpenedes.com\/web\/?p=23478"},"modified":"2022-10-04T19:28:17","modified_gmt":"2022-10-04T17:28:17","slug":"les-dues-candidates-per-a-les-places-dauxiliar-administrativa-classificades-en-el-proces-de-seleccio-per-concurs-de-merits-han-pres-possessio-del-seu-carrec","status":"publish","type":"post","link":"https:\/\/bisbalpenedes.com\/web\/2022\/10\/04\/les-dues-candidates-per-a-les-places-dauxiliar-administrativa-classificades-en-el-proces-de-seleccio-per-concurs-de-merits-han-pres-possessio-del-seu-carrec\/","title":{"rendered":"Les dues candidates per a les places d\u2019auxiliar administrativa classificades en el proc\u00e9s de selecci\u00f3 per concurs de m\u00e8rits han pres possessi\u00f3 del seu c\u00e0rrec"},"content":{"rendered":"\n<p>Aquest dilluns 3 d\u2019octubre han pres possessi\u00f3 de les dues places d\u2019auxiliar administrativa en r\u00e8gim de funcion\u00e0ria de carrera, segons el decret d\u2019alcaldia de 27 de setembre -de nomenament-, Montse Capafons i Laia Cama\u00f1es. Des del 3 d\u2019octubre, s\u2019inicien 2 mesos de prova.<\/p>\n\n\n\n<p>La Laia Cama\u00f1es continua treballant en l\u2019\u00e0rea de la comptabilitat municipal i la Montse Capafons s\u2019ha incorporat al SAC (Servei d\u2019Atenci\u00f3 a la Ciutadania), juntament amb la Sandra Rueda, que va incorporar-se dies enrere.<\/p>\n\n\n\n<p>En total, 65 persones van presentar-se a la convocat\u00f2ria de dues places d\u2019auxiliar administratiu\/va (grup C2) en el r\u00e8gim de funcionari\/a de carrera, mitjan\u00e7ant concurs de m\u00e8rits, en el marc del proc\u00e9s d\u2019estabilitzaci\u00f3 de l\u2019ocupaci\u00f3 temporal de l\u2019Ajuntament de la Bisbal del Pened\u00e8s. De les 57 persones presentades, 8 van quedar excloses per no presentar la documentaci\u00f3 necess\u00e0ria per avaluar els requisits i m\u00e8rits de les places i 3 no van superar la prova de catal\u00e0 del nivell C1. El passat&nbsp;8 de juliol&nbsp;es van valorar els m\u00e8rits. El Tribunal va nomenar les candidates amb m\u00e9s puntuaci\u00f3 per ocupar les dues places d\u2019auxiliar administratiu.&nbsp;<\/p>\n\n\n\n<hr class=\"wp-block-separator has-alpha-channel-opacity\"\/>\n\n\n\n<p>Este lunes 3 de octubre han tomado posesi\u00f3n&nbsp;de las dos&nbsp;plazas de auxiliar administrativa en r\u00e9gimen de funcionaria de carrera, seg\u00fan el decreto de alcald\u00eda del 27 de septiembre \u2013 de nombramiento-, Montse Capafons y Laia Cama\u00f1es. Desde el 3 de octubre, se inician 2 meses de prueba.<\/p>\n\n\n\n<p>Laia Cama\u00f1es contin\u00faa trabajando en el \u00e1rea de contabilidad municipal y Montse Capafons se ha incorporado en el SAC (Servicio de Atenci\u00f3n a la Ciudadan\u00eda), junto con Sandra Rueda, que se incorpor\u00f3 d\u00edas atr\u00e1s.<\/p>\n\n\n\n<p>En total, 65 personas se presentaron a la convocatoria de dos plazas de auxiliar administrativo\/va (grupo C2) en el r\u00e9gimen de funcionario\/a de carrera, mediante concurso de m\u00e9ritos, en el marco del proceso de estabilizaci\u00f3n de la ocupaci\u00f3n temporal del Ayuntamiento de la Bisbal del Pened\u00e8s. De las 57 personas presentadas, 8 quedaron exclu\u00eddas por no presentar la documentaci\u00f3n necesaria para evaluar los requisitos y m\u00e9ritos de las plazas y 3 no superaron la prueba de catal\u00e1n del nivel C1. El pasado&nbsp;8 de julio&nbsp;se valoraron los m\u00e9ritos. El Tribunal nombr\u00f3 a las candidatas con m\u00e1s puntuaci\u00f3n para ocupar&nbsp;las dos&nbsp;plazas de auxiliar administrativo.&nbsp;<\/p>\n","protected":false},"excerpt":{"rendered":"<p>Aquest dilluns 3 d\u2019octubre han pres possessi\u00f3 de les dues places d\u2019auxiliar administrativa en r\u00e8gim de funcion\u00e0ria de carrera, segons el decret d\u2019alcaldia de 27 de setembre -de nomenament-, Montse &hellip; <a href=\"https:\/\/bisbalpenedes.com\/web\/2022\/10\/04\/les-dues-candidates-per-a-les-places-dauxiliar-administrativa-classificades-en-el-proces-de-seleccio-per-concurs-de-merits-han-pres-possessio-del-seu-carrec\/\" class=\"more-link\">Read More<\/a><\/p>\n","protected":false},"author":4,"featured_media":23479,"comment_status":"closed","ping_status":"closed","sticky":false,"template":"","format":"standard","meta":[],"categories":[2402,8],"tags":[1252,5229,5522,393,5525,5526,5523,5524],"_links":{"self":[{"href":"https:\/\/bisbalpenedes.com\/web\/wp-json\/wp\/v2\/posts\/23478"}],"collection":[{"href":"https:\/\/bisbalpenedes.com\/web\/wp-json\/wp\/v2\/posts"}],"about":[{"href":"https:\/\/bisbalpenedes.com\/web\/wp-json\/wp\/v2\/types\/post"}],"author":[{"embeddable":true,"href":"https:\/\/bisbalpenedes.com\/web\/wp-json\/wp\/v2\/users\/4"}],"replies":[{"embeddable":true,"href":"https:\/\/bisbalpenedes.com\/web\/wp-json\/wp\/v2\/comments?post=23478"}],"version-history":[{"count":1,"href":"https:\/\/bisbalpenedes.com\/web\/wp-json\/wp\/v2\/posts\/23478\/revisions"}],"predecessor-version":[{"id":23480,"href":"https:\/\/bisbalpenedes.com\/web\/wp-json\/wp\/v2\/posts\/23478\/revisions\/23480"}],"wp:featuredmedia":[{"embeddable":true,"href":"https:\/\/bisbalpenedes.com\/web\/wp-json\/wp\/v2\/media\/23479"}],"wp:attachment":[{"href":"https:\/\/bisbalpenedes.com\/web\/wp-json\/wp\/v2\/media?parent=23478"}],"wp:term":[{"taxonomy":"category","embeddable":true,"href":"https:\/\/bisbalpenedes.com\/web\/wp-json\/wp\/v2\/categories?post=23478"},{"taxonomy":"post_tag","embeddable":true,"href":"https:\/\/bisbalpenedes.com\/web\/wp-json\/wp\/v2\/tags?post=23478"}],"curies":[{"name":"wp","href":"https:\/\/api.w.org\/{rel}","templated":true}]}}