{"id":23475,"date":"2022-10-03T14:17:37","date_gmt":"2022-10-03T12:17:37","guid":{"rendered":"https:\/\/bisbalpenedes.com\/web\/?p=23475"},"modified":"2022-10-03T14:17:37","modified_gmt":"2022-10-03T12:17:37","slug":"el-dissabte-15-doctubre-se-celebrara-la-festa-jove-festa-fotre-durant-tot-el-dia","status":"publish","type":"post","link":"https:\/\/bisbalpenedes.com\/web\/2022\/10\/03\/el-dissabte-15-doctubre-se-celebrara-la-festa-jove-festa-fotre-durant-tot-el-dia\/","title":{"rendered":"El dissabte 15 d&#8217;octubre se celebrar\u00e0 la festa jove &#8220;Festa Fotre&#8221; durant tot el dia"},"content":{"rendered":"\n<p>Els&nbsp;Esventats Bisbal&nbsp;n&#8217;estan preparant una de molt grossa per al proper dissabte 15 d&#8217;octubre, juntament amb R\u00e0dio Esventada, Jamaicat Sound i l&#8217;Ajuntament de la Bisbal del Pened\u00e8s i amb la col\u00b7laboraci\u00f3 de diverses entitats. Aqu\u00ed us deixem el programa d&#8217;activitats. Guardeu-vos la data!<\/p>\n\n\n\n<hr class=\"wp-block-separator has-alpha-channel-opacity\"\/>\n\n\n\n<p>Los Esventats Bisbal est\u00e1n preparando una buena fiesta para el pr\u00f3ximo s\u00e1bado 15 de octubre, junto con R\u00e0dio Esventada, Jamaicat Sound y el Ayuntamiento de la Bisbal del Pened\u00e8s y con la colaboraci\u00f3n de varias entidades. Aqu\u00ed os dejamos el programa de actividades. \u00a1Guardaos la fecha!<\/p>\n","protected":false},"excerpt":{"rendered":"<p>Els&nbsp;Esventats Bisbal&nbsp;n&#8217;estan preparant una de molt grossa per al proper dissabte 15 d&#8217;octubre, juntament amb R\u00e0dio Esventada, Jamaicat Sound i l&#8217;Ajuntament de la Bisbal del Pened\u00e8s i amb la col\u00b7laboraci\u00f3 &hellip; <a href=\"https:\/\/bisbalpenedes.com\/web\/2022\/10\/03\/el-dissabte-15-doctubre-se-celebrara-la-festa-jove-festa-fotre-durant-tot-el-dia\/\" class=\"more-link\">Read More<\/a><\/p>\n","protected":false},"author":4,"featured_media":23476,"comment_status":"closed","ping_status":"closed","sticky":false,"template":"","format":"standard","meta":[],"categories":[8],"tags":[5521,2948,351,689,5490,3167,78,5520,5519,72,1205],"_links":{"self":[{"href":"https:\/\/bisbalpenedes.com\/web\/wp-json\/wp\/v2\/posts\/23475"}],"collection":[{"href":"https:\/\/bisbalpenedes.com\/web\/wp-json\/wp\/v2\/posts"}],"about":[{"href":"https:\/\/bisbalpenedes.com\/web\/wp-json\/wp\/v2\/types\/post"}],"author":[{"embeddable":true,"href":"https:\/\/bisbalpenedes.com\/web\/wp-json\/wp\/v2\/users\/4"}],"replies":[{"embeddable":true,"href":"https:\/\/bisbalpenedes.com\/web\/wp-json\/wp\/v2\/comments?post=23475"}],"version-history":[{"count":1,"href":"https:\/\/bisbalpenedes.com\/web\/wp-json\/wp\/v2\/posts\/23475\/revisions"}],"predecessor-version":[{"id":23477,"href":"https:\/\/bisbalpenedes.com\/web\/wp-json\/wp\/v2\/posts\/23475\/revisions\/23477"}],"wp:featuredmedia":[{"embeddable":true,"href":"https:\/\/bisbalpenedes.com\/web\/wp-json\/wp\/v2\/media\/23476"}],"wp:attachment":[{"href":"https:\/\/bisbalpenedes.com\/web\/wp-json\/wp\/v2\/media?parent=23475"}],"wp:term":[{"taxonomy":"category","embeddable":true,"href":"https:\/\/bisbalpenedes.com\/web\/wp-json\/wp\/v2\/categories?post=23475"},{"taxonomy":"post_tag","embeddable":true,"href":"https:\/\/bisbalpenedes.com\/web\/wp-json\/wp\/v2\/tags?post=23475"}],"curies":[{"name":"wp","href":"https:\/\/api.w.org\/{rel}","templated":true}]}}