{"id":23471,"date":"2022-10-03T13:39:53","date_gmt":"2022-10-03T11:39:53","guid":{"rendered":"https:\/\/bisbalpenedes.com\/web\/?p=23471"},"modified":"2022-10-03T13:39:53","modified_gmt":"2022-10-03T11:39:53","slug":"el-8-doctubre-la-colla-castellera-de-la-bisbal-celebra-el-bou-fest-la-festa-es-oberta-a-tothom","status":"publish","type":"post","link":"https:\/\/bisbalpenedes.com\/web\/2022\/10\/03\/el-8-doctubre-la-colla-castellera-de-la-bisbal-celebra-el-bou-fest-la-festa-es-oberta-a-tothom\/","title":{"rendered":"El 8 d&#8217;octubre la Colla Castellera de la Bisbal celebra el &#8216;Bou Fest&#8217; &#8211; La festa \u00e9s oberta a tothom"},"content":{"rendered":"\n<p>La&nbsp;Colla Castellera La Bisbal del Pened\u00e8s &#8211; Bous&nbsp;celebrar\u00e0 el &#8216;Bou Fest&#8217; el proper 8 d&#8217;octubre al pati de l&#8217;Escola Ull de Vent. No us el perdeu!<\/p>\n\n\n\n<hr class=\"wp-block-separator has-alpha-channel-opacity\"\/>\n\n\n\n<p>La Colla Castellera la Bisbal del Pened\u00e8s &#8211; Bous celebrar\u00e1 el &#8216;Bou Fest&#8217; el pr\u00f3ximo 8 de octubre en el patio de la Escuela Ull de Vent. \u00a1No os lo perd\u00e1is!<\/p>\n","protected":false},"excerpt":{"rendered":"<p>La&nbsp;Colla Castellera La Bisbal del Pened\u00e8s &#8211; Bous&nbsp;celebrar\u00e0 el &#8216;Bou Fest&#8217; el proper 8 d&#8217;octubre al pati de l&#8217;Escola Ull de Vent. No us el perdeu! La Colla Castellera la &hellip; <a href=\"https:\/\/bisbalpenedes.com\/web\/2022\/10\/03\/el-8-doctubre-la-colla-castellera-de-la-bisbal-celebra-el-bou-fest-la-festa-es-oberta-a-tothom\/\" class=\"more-link\">Read More<\/a><\/p>\n","protected":false},"author":4,"featured_media":23472,"comment_status":"closed","ping_status":"closed","sticky":false,"template":"","format":"standard","meta":[],"categories":[2942,20,8],"tags":[459,5518,378,5517,4302,78,393,72,126],"_links":{"self":[{"href":"https:\/\/bisbalpenedes.com\/web\/wp-json\/wp\/v2\/posts\/23471"}],"collection":[{"href":"https:\/\/bisbalpenedes.com\/web\/wp-json\/wp\/v2\/posts"}],"about":[{"href":"https:\/\/bisbalpenedes.com\/web\/wp-json\/wp\/v2\/types\/post"}],"author":[{"embeddable":true,"href":"https:\/\/bisbalpenedes.com\/web\/wp-json\/wp\/v2\/users\/4"}],"replies":[{"embeddable":true,"href":"https:\/\/bisbalpenedes.com\/web\/wp-json\/wp\/v2\/comments?post=23471"}],"version-history":[{"count":1,"href":"https:\/\/bisbalpenedes.com\/web\/wp-json\/wp\/v2\/posts\/23471\/revisions"}],"predecessor-version":[{"id":23473,"href":"https:\/\/bisbalpenedes.com\/web\/wp-json\/wp\/v2\/posts\/23471\/revisions\/23473"}],"wp:featuredmedia":[{"embeddable":true,"href":"https:\/\/bisbalpenedes.com\/web\/wp-json\/wp\/v2\/media\/23472"}],"wp:attachment":[{"href":"https:\/\/bisbalpenedes.com\/web\/wp-json\/wp\/v2\/media?parent=23471"}],"wp:term":[{"taxonomy":"category","embeddable":true,"href":"https:\/\/bisbalpenedes.com\/web\/wp-json\/wp\/v2\/categories?post=23471"},{"taxonomy":"post_tag","embeddable":true,"href":"https:\/\/bisbalpenedes.com\/web\/wp-json\/wp\/v2\/tags?post=23471"}],"curies":[{"name":"wp","href":"https:\/\/api.w.org\/{rel}","templated":true}]}}