{"id":23467,"date":"2022-10-03T12:22:45","date_gmt":"2022-10-03T10:22:45","guid":{"rendered":"https:\/\/bisbalpenedes.com\/web\/?p=23467"},"modified":"2022-10-03T12:22:45","modified_gmt":"2022-10-03T10:22:45","slug":"els-alcaldes-i-alcaldesses-de-la-comarca-es-planten-per-exigir-lampliacio-de-lhospital-comarcal","status":"publish","type":"post","link":"https:\/\/bisbalpenedes.com\/web\/2022\/10\/03\/els-alcaldes-i-alcaldesses-de-la-comarca-es-planten-per-exigir-lampliacio-de-lhospital-comarcal\/","title":{"rendered":"Els alcaldes i alcaldesses de la comarca es planten per exigir l&#8217;ampliaci\u00f3 de l&#8217;Hospital Comarcal"},"content":{"rendered":"\n<p>El passat dilluns, l&#8217;alcaldessa de la Bisbal del Pened\u00e8s, Agn\u00e8s Ferr\u00e9, es va plantar al davant de l&#8217;Hospital Comarcal del Vendrell, amb els alcaldes i regidors del Baix Pened\u00e8s, per deixar clar l&#8217;augment del malestar que hi ha als municipis de la comarca despr\u00e9s de ser coneixedors de la no inclusi\u00f3 de l&#8217;ampliaci\u00f3 de l&#8217;Hospital del Baix Pened\u00e8s com a prioritat per al Departament de Salut de la Generalitat de Catalunya.<\/p>\n\n\n\n<p>A m\u00e9s, el proper dimecres 5 d&#8217;octubre, a les 11h, els alcaldes i les alcaldesses baixpenedesenques tamb\u00e9 es plantaran al davant del Departament de Salut i no marxaran fins que les atenguin, ja que exigeixen una resposta davant d&#8217;un equipament que est\u00e0 obsolet i no dona resposta a les necessitats reals actuals de la poblaci\u00f3 i, m\u00e9s encara, tenint en compte que s&#8217;han presentat tots els projectes i tota la informaci\u00f3 que s&#8217;ha sol\u00b7licitat des del Departament de Salut.<\/p>\n\n\n\n<hr class=\"wp-block-separator has-alpha-channel-opacity\"\/>\n\n\n\n<p><strong>CASTELLANO |<\/strong>&nbsp;El pasado lunes, la alcaldesa de la Bisbal del Pened\u00e8s, Agn\u00e8s Ferr\u00e9, se plant\u00f3 delante del Hospital Comarcal del Vendrell, con los alcaldes y concejales del Baix Pened\u00e8s, para dejar claro el aumento del malestar que hay en los municipios de la comarca despu\u00e9s de ser conocedores de la no inclusi\u00f3n de la ampliaci\u00f3n del Hospital del Baix Pened\u00e8s como prioridad para el Departamento de SaluD de la Generalitat de Catalunya.<\/p>\n\n\n\n<p>Adem\u00e1s, el pr\u00f3ximo mi\u00e9rcoles 5 de octubre, a las 11h, los alcaldes y las alcaldesas del Baix Pened\u00e8s tambi\u00e9n se plantar\u00e1n delante del Departamento de Salud y no se ir\u00e1n hasta que las atiendan, ya que exigen una respuesta ante un equipamiento que est\u00e1 obsoleto y no da respuesta a las necesidades reales actuales de la poblaci\u00f3n y, m\u00e1s a\u00fan, teniendo en cuenta que se han presentado todos los proyectos y toda la informaci\u00f3n que se ha solicitado desde el Departamento de Salud.<\/p>\n","protected":false},"excerpt":{"rendered":"<p>El passat dilluns, l&#8217;alcaldessa de la Bisbal del Pened\u00e8s, Agn\u00e8s Ferr\u00e9, es va plantar al davant de l&#8217;Hospital Comarcal del Vendrell, amb els alcaldes i regidors del Baix Pened\u00e8s, per &hellip; <a href=\"https:\/\/bisbalpenedes.com\/web\/2022\/10\/03\/els-alcaldes-i-alcaldesses-de-la-comarca-es-planten-per-exigir-lampliacio-de-lhospital-comarcal\/\" class=\"more-link\">Read More<\/a><\/p>\n","protected":false},"author":4,"featured_media":23464,"comment_status":"closed","ping_status":"closed","sticky":false,"template":"","format":"standard","meta":[],"categories":[2057,8],"tags":[1151,2092,459,4093,865,5516,4399,393],"_links":{"self":[{"href":"https:\/\/bisbalpenedes.com\/web\/wp-json\/wp\/v2\/posts\/23467"}],"collection":[{"href":"https:\/\/bisbalpenedes.com\/web\/wp-json\/wp\/v2\/posts"}],"about":[{"href":"https:\/\/bisbalpenedes.com\/web\/wp-json\/wp\/v2\/types\/post"}],"author":[{"embeddable":true,"href":"https:\/\/bisbalpenedes.com\/web\/wp-json\/wp\/v2\/users\/4"}],"replies":[{"embeddable":true,"href":"https:\/\/bisbalpenedes.com\/web\/wp-json\/wp\/v2\/comments?post=23467"}],"version-history":[{"count":1,"href":"https:\/\/bisbalpenedes.com\/web\/wp-json\/wp\/v2\/posts\/23467\/revisions"}],"predecessor-version":[{"id":23468,"href":"https:\/\/bisbalpenedes.com\/web\/wp-json\/wp\/v2\/posts\/23467\/revisions\/23468"}],"wp:featuredmedia":[{"embeddable":true,"href":"https:\/\/bisbalpenedes.com\/web\/wp-json\/wp\/v2\/media\/23464"}],"wp:attachment":[{"href":"https:\/\/bisbalpenedes.com\/web\/wp-json\/wp\/v2\/media?parent=23467"}],"wp:term":[{"taxonomy":"category","embeddable":true,"href":"https:\/\/bisbalpenedes.com\/web\/wp-json\/wp\/v2\/categories?post=23467"},{"taxonomy":"post_tag","embeddable":true,"href":"https:\/\/bisbalpenedes.com\/web\/wp-json\/wp\/v2\/tags?post=23467"}],"curies":[{"name":"wp","href":"https:\/\/api.w.org\/{rel}","templated":true}]}}