{"id":23458,"date":"2022-09-30T13:21:33","date_gmt":"2022-09-30T11:21:33","guid":{"rendered":"https:\/\/bisbalpenedes.com\/web\/?p=23458"},"modified":"2022-09-30T13:21:33","modified_gmt":"2022-09-30T11:21:33","slug":"saprova-la-memoria-del-curs-2021-2022-i-la-proposta-educativa-del-curs-2022-23-de-lescola-de-musica","status":"publish","type":"post","link":"https:\/\/bisbalpenedes.com\/web\/2022\/09\/30\/saprova-la-memoria-del-curs-2021-2022-i-la-proposta-educativa-del-curs-2022-23-de-lescola-de-musica\/","title":{"rendered":"S&#8217;aprova la mem\u00f2ria del curs 2021\/2022 i la proposta educativa del curs 2022\/23 de l&#8217;escola de m\u00fasica"},"content":{"rendered":"\n<p>La Junta de Govern del 26 de setembre de 2022 ha aprovat, a petici\u00f3 de la Regidoria d&#8217;Ensenyament, la mem\u00f2ria del curs 2021\/2022 i la proposta educativa del curs 2022\/23 del servei de l&#8217;escola de m\u00fasica municipal amb Contrapunt, Cooperativa de M\u00fasics, SCCL.<\/p>\n\n\n\n<p>L&#8217;Escola de M\u00fasica Municipal ofereix el model pedag\u00f2gic anglosax\u00f3, fruit de la proposta de Contrapunt Cooperativa de M\u00fasics SCCL. en consens amb la Regidoria d&#8217;Ensenyament.<\/p>\n\n\n\n<p>Quant a la mem\u00f2ria del curs 2021\/2022, destaca l&#8217;increment d&#8217;alumnes respecte al curs anterior. El curs 2020\/21 va haver-hi 59 alumnes matriculats i el curs 2021\/22 n&#8217;han estat 77. Quant al curs 2021\/22, els alumnes inscrits s\u00f3n 80.<\/p>\n\n\n\n<p><strong>Quant a l&#8217;oferta formativa, s&#8217;amplia l&#8217;oferta i, aquest curs, l&#8217;escola comptar\u00e0 amb:<\/strong><\/p>\n\n\n\n<ul><li>Sensibilitzaci\u00f3 musical de 3 a 6 anys (inclou un nou taller d&#8217;instruments per a alumnes de 6 anys).<\/li><li>M\u00fasica Viva<\/li><li>Conjunt instrumental<\/li><li>Instrument: piano, guitarra, bateria\/percussi\u00f3, gralla i timbal, viol\u00ed, viola i violoncel.<\/li><\/ul>\n\n\n\n<p><strong>Durant el per\u00edode 2021-22 s&#8217;han assolit els objectius espec\u00edfics establerts a l&#8217;inici del curs:<\/strong><\/p>\n\n\n\n<ul><li>Consolidar l&#8217;oferta formativa establerta i vetllar per la millora continuada de la qualitat educativa.<\/li><li>Potenciar les formacions instrumentals com a eix vertebrador del projecte educatiu de l&#8217;escola, i vetllar pel seu creixement art\u00edstic continuat.<\/li><li>Desenvolupar estrat\u00e8gies de comunicaci\u00f3 p\u00fablica i oberta de les activitats de l&#8217;escola via xarxes socials i p\u00e0gina web.<\/li><li>Millorar els protocols de preparaci\u00f3 i difusi\u00f3 de les activitats dels conjunts i, en general, de les activitats de l&#8217;escola.<\/li><li>Establir protocols d&#8217;informaci\u00f3 interna, amb usuaris i fam\u00edlies, que combinin la previsi\u00f3 i planificaci\u00f3, aix\u00ed com la const\u00e0ncia i l&#8217;efic\u00e0cia.<\/li><li>Consolidar la plataforma Gwido com a eina de gesti\u00f3 acad\u00e8mica, pedag\u00f2gica i relacional amb els usuaris, en l&#8217;\u00e0mbit administratiu i acad\u00e8mic.<\/li><\/ul>\n\n\n\n<hr class=\"wp-block-separator has-alpha-channel-opacity\"\/>\n\n\n\n<p><strong>CASTELLANO |<\/strong> La Junta de Gobierno del 26 de septiembre de 2022 ha aprobado, a petici\u00f3n de la Concejal\u00eda de Educaci\u00f3n, la memoria del curso 2021\/2022 y la propuesta educativa del curso 2022\/23 del servicio de la escuela de m\u00fasica municipal con Contrapunt, Cooperativa de M\u00fasicos SCCL.<\/p>\n\n\n\n<p>La Escuela de M\u00fasica Municipal ofrece el modelo pedag\u00f3gico anglosaj\u00f3n, fruto de la propuesta de Contrapunt Cooperativa de M\u00fasics SCCL. en consenso con la Concejal\u00eda de Educaci\u00f3n.<\/p>\n\n\n\n<p>En cuanto a la memoria del curso 2021\/2022, destaca el incremento de alumnos respecto al curso anterior. El curso 2020\/21 hubo 59 alumnos matriculados y el curso 2021\/22 han sido 77. En cuanto al curso 2021\/22, los alumnos inscritos son 80.<\/p>\n\n\n\n<p><strong>En cuanto a la oferta formativa, se ampl\u00eda la oferta y, este curso la escuela contar\u00e1 con:<\/strong><\/p>\n\n\n\n<ul><li>Sensibilizaci\u00f3n musical de 3 a 6 a\u00f1os (incluye un nuevo taller de instrumentos para alumnos de 6 a\u00f1os).<\/li><li>M\u00fasica Viva<\/li><li>Conjunto instrumental<\/li><li>Instrumento: piano, guitarra, bater\u00eda\/percusi\u00f3n, <em>gralla <\/em>y timbal, viol\u00edn, viola y violoncelo.<\/li><\/ul>\n\n\n\n<p><strong>Durante el per\u00edodo 2021-22 se han alcanzado los objetivos espec\u00edficos establecidos al inicio del curso:<\/strong><\/p>\n\n\n\n<ul><li>Consolidar la oferta formativa establecida y velar por la mejora continuada de la calidad educativa.<\/li><li>Potenciar las formaciones instrumentales como eje vertebrador del proyecto educativo de la escuela, y velar por su crecimiento art\u00edstico continuo.<\/li><li>Desarrollar estrategias de comunicaci\u00f3n p\u00fablica y abierta de las actividades de la escuela v\u00eda redes sociales y p\u00e1gina web.<\/li><li>Mejorar los protocolos de preparaci\u00f3n y difusi\u00f3n de las actividades de los conjuntos y, en general, de las actividades de la escuela.<\/li><li>Establecer protocolos de informaci\u00f3n interna, con usuarios y familias, que combinen la previsi\u00f3n y planificaci\u00f3n, as\u00ed con la constancia y la eficacia.<\/li><li>Consolidar la plataforma Gwido como herramienta de gesti\u00f3n acad\u00e9mica, pedag\u00f3gica y relacional con los usuarios, en el \u00e1mbito administrativo y acad\u00e9mico.<\/li><\/ul>\n","protected":false},"excerpt":{"rendered":"<p>La Junta de Govern del 26 de setembre de 2022 ha aprovat, a petici\u00f3 de la Regidoria d&#8217;Ensenyament, la mem\u00f2ria del curs 2021\/2022 i la proposta educativa del curs 2022\/23 &hellip; <a href=\"https:\/\/bisbalpenedes.com\/web\/2022\/09\/30\/saprova-la-memoria-del-curs-2021-2022-i-la-proposta-educativa-del-curs-2022-23-de-lescola-de-musica\/\" class=\"more-link\">Read More<\/a><\/p>\n","protected":false},"author":4,"featured_media":23460,"comment_status":"closed","ping_status":"closed","sticky":false,"template":"","format":"standard","meta":[],"categories":[3456,8],"tags":[459,3218,5513,393,1374],"_links":{"self":[{"href":"https:\/\/bisbalpenedes.com\/web\/wp-json\/wp\/v2\/posts\/23458"}],"collection":[{"href":"https:\/\/bisbalpenedes.com\/web\/wp-json\/wp\/v2\/posts"}],"about":[{"href":"https:\/\/bisbalpenedes.com\/web\/wp-json\/wp\/v2\/types\/post"}],"author":[{"embeddable":true,"href":"https:\/\/bisbalpenedes.com\/web\/wp-json\/wp\/v2\/users\/4"}],"replies":[{"embeddable":true,"href":"https:\/\/bisbalpenedes.com\/web\/wp-json\/wp\/v2\/comments?post=23458"}],"version-history":[{"count":1,"href":"https:\/\/bisbalpenedes.com\/web\/wp-json\/wp\/v2\/posts\/23458\/revisions"}],"predecessor-version":[{"id":23461,"href":"https:\/\/bisbalpenedes.com\/web\/wp-json\/wp\/v2\/posts\/23458\/revisions\/23461"}],"wp:featuredmedia":[{"embeddable":true,"href":"https:\/\/bisbalpenedes.com\/web\/wp-json\/wp\/v2\/media\/23460"}],"wp:attachment":[{"href":"https:\/\/bisbalpenedes.com\/web\/wp-json\/wp\/v2\/media?parent=23458"}],"wp:term":[{"taxonomy":"category","embeddable":true,"href":"https:\/\/bisbalpenedes.com\/web\/wp-json\/wp\/v2\/categories?post=23458"},{"taxonomy":"post_tag","embeddable":true,"href":"https:\/\/bisbalpenedes.com\/web\/wp-json\/wp\/v2\/tags?post=23458"}],"curies":[{"name":"wp","href":"https:\/\/api.w.org\/{rel}","templated":true}]}}