{"id":23448,"date":"2022-09-30T12:33:20","date_gmt":"2022-09-30T10:33:20","guid":{"rendered":"https:\/\/bisbalpenedes.com\/web\/?p=23448"},"modified":"2022-09-30T12:39:20","modified_gmt":"2022-09-30T10:39:20","slug":"la-junta-de-govern-ha-aprovat-la-cessio-despais-per-a-la-realitzacio-dactivitats-de-jove-baix-penedes","status":"publish","type":"post","link":"https:\/\/bisbalpenedes.com\/web\/2022\/09\/30\/la-junta-de-govern-ha-aprovat-la-cessio-despais-per-a-la-realitzacio-dactivitats-de-jove-baix-penedes\/","title":{"rendered":"La Junta de Govern ha aprovat la cessi\u00f3 d&#8217;espais per a la realitzaci\u00f3 d&#8217;activitats de Jove Baix Pened\u00e8s"},"content":{"rendered":"\n<p>La Junta de Govern local, celebrada aquest dilluns 26 de setembre, ha aprovat un conveni de cessi\u00f3 d&#8217;espais entre l&#8217;Ajuntament de la Bisbal del Pened\u00e8s i el Consell Comarcal del Baix Pened\u00e8s per a la realitzaci\u00f3 d&#8217;activitats diverses dins del projecte Jove Baix Pened\u00e8s, sempre que aquestes activitats siguin d&#8217;inter\u00e8s i l&#8217;Ajuntament de la Bisbal del Pened\u00e8s tingui disponible l&#8217;espai necessari.<\/p>\n\n\n\n<p>La primera activitat prevista \u00e9s la formaci\u00f3 de vetllador\/a, monitor\/a de menjador i transport escolar adre\u00e7ada a joves de 16 a 29 anys inscrits en el programa de Garantia Juvenil, que es dur\u00e0 a terme del 21 d&#8217;octubre al 21 de desembre. Es tracta d&#8217;una formaci\u00f3 gratu\u00efta, de 185 hores, organitzada per Jove Baix Pened\u00e8s i la Cambra de Comer\u00e7 de Tarragona i les inscripcions es poden fer en aquest enlla\u00e7: <a href=\"https:\/\/www.cambratgn.com\/cursos-presencials\/jornada\/369-vetllador-a-monitor-a-de-transport-i-menjador-escolar?fbclid=IwAR16c9He01Mi2dqcQFvB-TmSJCGiJFbxA2eHNGvtYJhSUVevpA3lTE6oUqc\">https:\/\/www.cambratgn.com\/cursos-presencials\/jornada\/369-vetllador-a-monitor-a-de-transport-i-menjador-escolar?fbclid=IwAR16c9He01Mi2dqcQFvB-TmSJCGiJFbxA2eHNGvtYJhSUVevpA3lTE6oUqc<\/a><\/p>\n\n\n\n<p>L&#8217;aprovaci\u00f3 d&#8217;aquest conveni s&#8217;emmarca dins del conveni de delegaci\u00f3 de compet\u00e8ncies al Consell Comarcal del Baix Pened\u00e8s en mat\u00e8ria de joventut -Jove Baix Pened\u00e8s 2022-2025- que es va aprovar en el Ple extraordinari del 28 d&#8217;abril de 2022.&nbsp;<\/p>\n\n\n\n<hr class=\"wp-block-separator has-alpha-channel-opacity\"\/>\n\n\n\n<p>La Junta de Gobierno local, celebrada este lunes 26 de septiembre, ha aprobado un convenio de cesi\u00f3n de espacios entre el Ayuntamiento de la Bisbal del Pened\u00e8s y el Consell Comarcal del Baix Pened\u00e8s para la realizaci\u00f3n de actividades diversas dentro del proyecto Jove Baix Pened\u00e8s, siempre que estas actividades sean de inter\u00e9s y el Ayuntamiento de la Bisbal del Pened\u00e8s tenga disponible el espacio necesario.<\/p>\n\n\n\n<p>La primera actividad prevista es la formaci\u00f3n de velador\/a, monitor\/a de comedor y transporte escolar dirigida a j\u00f3venes de 16 a 29 inscritos en el programa de Garant\u00eda Juvenil, que se llevar\u00e1 a cabo del 21 de octubre al 21 de diciembre. Se trata de una formaci\u00f3n gratuita, de 185 horas, organizada por Jove Baix Pened\u00e8s y la C\u00e1mara de Comercio de Tarragona y las inscripciones se pueden hacer en este enlace: <a href=\"https:\/\/www.cambratgn.com\/cursos-presencials\/jornada\/369-vetllador-a-monitor-a-de-transport-i-menjador-escolar?fbclid=IwAR16c9He01Mi2dqcQFvB-TmSJCGiJFbxA2eHNGvtYJhSUVevpA3lTE6oUqc\">https:\/\/www.cambratgn.com\/cursos-presencials\/jornada\/369-vetllador-a-monitor-a-de-transport-i-menjador-escolar?fbclid=IwAR16c9He01Mi2dqcQFvB-TmSJCGiJFbxA2eHNGvtYJhSUVevpA3lTE6oUqc<\/a><\/p>\n\n\n\n<p>La aprobaci\u00f3n de este convenio se enmarca dentro del convenio de delegaci\u00f3n de competencias al Consell Comarcal del Baix Pened\u00e8s en materia de juventud -Jove Baix Pened\u00e8s 2022-2025- que se aprob\u00f3 en el Pleno extraordinario del 28 de abril de 2022.<\/p>\n","protected":false},"excerpt":{"rendered":"<p>La Junta de Govern local, celebrada aquest dilluns 26 de setembre, ha aprovat un conveni de cessi\u00f3 d&#8217;espais entre l&#8217;Ajuntament de la Bisbal del Pened\u00e8s i el Consell Comarcal del &hellip; <a href=\"https:\/\/bisbalpenedes.com\/web\/2022\/09\/30\/la-junta-de-govern-ha-aprovat-la-cessio-despais-per-a-la-realitzacio-dactivitats-de-jove-baix-penedes\/\" class=\"more-link\">Read More<\/a><\/p>\n","protected":false},"author":4,"featured_media":23358,"comment_status":"closed","ping_status":"closed","sticky":false,"template":"","format":"standard","meta":[],"categories":[4269,8],"tags":[5512,1056,1057,686,393],"_links":{"self":[{"href":"https:\/\/bisbalpenedes.com\/web\/wp-json\/wp\/v2\/posts\/23448"}],"collection":[{"href":"https:\/\/bisbalpenedes.com\/web\/wp-json\/wp\/v2\/posts"}],"about":[{"href":"https:\/\/bisbalpenedes.com\/web\/wp-json\/wp\/v2\/types\/post"}],"author":[{"embeddable":true,"href":"https:\/\/bisbalpenedes.com\/web\/wp-json\/wp\/v2\/users\/4"}],"replies":[{"embeddable":true,"href":"https:\/\/bisbalpenedes.com\/web\/wp-json\/wp\/v2\/comments?post=23448"}],"version-history":[{"count":3,"href":"https:\/\/bisbalpenedes.com\/web\/wp-json\/wp\/v2\/posts\/23448\/revisions"}],"predecessor-version":[{"id":23451,"href":"https:\/\/bisbalpenedes.com\/web\/wp-json\/wp\/v2\/posts\/23448\/revisions\/23451"}],"wp:featuredmedia":[{"embeddable":true,"href":"https:\/\/bisbalpenedes.com\/web\/wp-json\/wp\/v2\/media\/23358"}],"wp:attachment":[{"href":"https:\/\/bisbalpenedes.com\/web\/wp-json\/wp\/v2\/media?parent=23448"}],"wp:term":[{"taxonomy":"category","embeddable":true,"href":"https:\/\/bisbalpenedes.com\/web\/wp-json\/wp\/v2\/categories?post=23448"},{"taxonomy":"post_tag","embeddable":true,"href":"https:\/\/bisbalpenedes.com\/web\/wp-json\/wp\/v2\/tags?post=23448"}],"curies":[{"name":"wp","href":"https:\/\/api.w.org\/{rel}","templated":true}]}}